{"id":30310,"date":"2024-09-03T10:42:38","date_gmt":"2024-09-03T09:42:38","guid":{"rendered":"https:\/\/letempsmag.ma\/?p=30310"},"modified":"2024-09-03T10:42:40","modified_gmt":"2024-09-03T09:42:40","slug":"la-banque-mondiale-emet-7-avis-dans-son-dernier-rapport-sur-le-maroc","status":"publish","type":"post","link":"https:\/\/letempsmag.ma\/?p=30310","title":{"rendered":"La Banque Mondiale \u00e9met 7 avis dans son dernier rapport sur le Maroc"},"content":{"rendered":"\n<p>La Banque Mondiale vient de publier son rapport cyclique de suivi de la situation \u00e9conomique au Maroc au titre de 2024. L\u2019institution y analyse la performance r\u00e9cente de l\u2019\u00e9conomie marocaine et explore les perspectives et risques futurs. La Banque Mondiale met l\u2019accent dans ce rapport sur le r\u00f4le crucial du secteur priv\u00e9 dans la stimulation de la croissance \u00e9conomique et la cr\u00e9ation d\u2019emplois. En voici les principaux points axes&nbsp;:<\/p>\n\n\n\n<p><strong><em>Performances endog\u00e8nes<\/em><\/strong><\/p>\n\n\n\n<p>L\u2019\u00e9conomie marocaine a montr\u00e9 une r\u00e9silience notable malgr\u00e9 divers d\u00e9fis, y compris un ralentissement mondial, une pression inflationniste et des catastrophes naturelles comme le tremblement de terre dans la province d\u2019Al Haouz. En 2023, le PIB du Royaume a augment\u00e9 de 3,4 %, soutenu par la reprise du secteur touristique, le dynamisme des industries manufacturi\u00e8res orient\u00e9es vers l\u2019exportation (automobile et a\u00e9ronautique) et la hausse de la consommation priv\u00e9e.<\/p>\n\n\n\n<p><strong><em>Contraintes exog\u00e8nes<\/em><\/strong><\/p>\n\n\n\n<p>Malgr\u00e9 un environnement international complexe, l\u2019\u00e9conomie marocaine a perform\u00e9 de mani\u00e8re remarquable \u00e0 l\u2019international, b\u00e9n\u00e9ficiant d\u2019une augmentation des investissements directs \u00e9trangers (IDE). Cette confiance internationale envers le Maroc est soutenue par la r\u00e9duction du d\u00e9ficit du compte courant \u00e0 son niveau le plus bas depuis 2007 et par une diversification croissante des exportations, notamment dans les industries capitalistiques post-pand\u00e9mie.<\/p>\n\n\n\n<p><strong><em>Ma\u00eetrise macro\u00e9conomique<\/em><\/strong><\/p>\n\n\n\n<p>La politique macro\u00e9conomique a favoris\u00e9 la croissance avec une gestion prudente de l\u2019inflation et une am\u00e9lioration des recettes publiques, r\u00e9duisant ainsi le d\u00e9ficit budg\u00e9taire. Toutefois, certaines mesures comme le financement innovant par \u00absale and lease-back\u00bb (vente et cession-bail) ont g\u00e9n\u00e9r\u00e9 des recettes non r\u00e9currentes et des obligations futures pour l\u2019\u00c9tat, n\u00e9cessitant une transparence accrue et une surveillance continue de leur impact.<\/p>\n\n\n\n<p><strong><em>Croissance balis\u00e9e<\/em><\/strong><\/p>\n\n\n\n<p>Les perspectives de croissance restent positives, mais elles sont assorties de risques li\u00e9s \u00e0 des facteurs externes volatilit\u00e9 \u00e9conomique mondiale) et internes (d\u00e9fis climatiques et d\u00e9pendance de certains secteurs-cl\u00e9s). Le rapport de la Banque Mondiale souligne l\u2019importance de politiques adapt\u00e9es pour renforcer la r\u00e9silience \u00e9conomique, notamment \u00e0 travers des r\u00e9formes structurelles et des initiatives visant \u00e0 stimuler l\u2019investissement priv\u00e9.<\/p>\n\n\n\n<p><strong><em>Vitalit\u00e9 du secteur priv\u00e9<\/em><\/strong><\/p>\n\n\n\n<p>Le rapport insiste aussi sur le potentiel non exploit\u00e9 du secteur priv\u00e9 pour stimuler davantage la croissance \u00e9conomique et l\u2019emploi. L\u2019am\u00e9lioration de la productivit\u00e9 et de la comp\u00e9titivit\u00e9 du secteur priv\u00e9 est cruciale. Des r\u00e9formes pour rem\u00e9dier aux contraintes comme l\u2019acc\u00e8s limit\u00e9 au financement pour les petites entreprises et le manque de comp\u00e9tences adapt\u00e9es sont jug\u00e9es essentielles pour dynamiser le secteur.<\/p>\n\n\n\n<p><strong><em>D\u00e9fis sociaux<\/em><\/strong><\/p>\n\n\n\n<p>Le gouvernement continue de mettre en \u0153uvre des r\u00e9formes pour renforcer le cadre \u00e9conomique, y compris la r\u00e9forme du syst\u00e8me d\u2019assurance-maladie et des mesures pour faire face \u00e0 la s\u00e9cheresse persistante qui menace l\u2019\u00e9conomie. De nouvelles initiatives de soutien social, telles que les transferts mon\u00e9taires directs, sont \u00e9galement d\u00e9ploy\u00e9es pour att\u00e9nuer les impacts sociaux des r\u00e9cents chocs \u00e9conomiques.<\/p>\n\n\n\n<p><strong><em>Consolider la r\u00e9silience<\/em><\/strong><\/p>\n\n\n\n<p>Pour capitaliser sur les progr\u00e8s r\u00e9alis\u00e9s et relever les d\u00e9fis \u00e0 venir, le rapport de la Banque Mondiale recommande de poursuivre les r\u00e9formes visant \u00e0 am\u00e9liorer l\u2019environnement des affaires, d\u2019acc\u00e9l\u00e9rer l\u2019innovation et de renforcer la r\u00e9silience \u00e9conomique du Maroc face aux chocs externes et internes. Il est essentiel de soutenir un d\u00e9veloppement inclusif qui maximise les opportunit\u00e9s pour tous les segments de la soci\u00e9t\u00e9 marocaine.<\/p>\n","protected":false},"excerpt":{"rendered":"<p>La Banque Mondiale vient de publier son rapport cyclique de suivi de la situation \u00e9conomique au Maroc au titre de 2024. L\u2019institution y analyse la performance r\u00e9cente de l\u2019\u00e9conomie marocaine et explore les perspectives et risques futurs. La Banque Mondiale met l\u2019accent dans ce rapport sur le r\u00f4le crucial du secteur priv\u00e9 dans la stimulation &hellip;<\/p>\n","protected":false},"author":9,"featured_media":30311,"comment_status":"open","ping_status":"closed","sticky":false,"template":"","format":"standard","meta":{"footnotes":""},"categories":[110],"tags":[],"class_list":["post-30310","post","type-post","status-publish","format-standard","has-post-thumbnail","hentry","category-conjoncture"],"_links":{"self":[{"href":"https:\/\/letempsmag.ma\/index.php?rest_route=\/wp\/v2\/posts\/30310","targetHints":{"allow":["GET"]}}],"collection":[{"href":"https:\/\/letempsmag.ma\/index.php?rest_route=\/wp\/v2\/posts"}],"about":[{"href":"https:\/\/letempsmag.ma\/index.php?rest_route=\/wp\/v2\/types\/post"}],"author":[{"embeddable":true,"href":"https:\/\/letempsmag.ma\/index.php?rest_route=\/wp\/v2\/users\/9"}],"replies":[{"embeddable":true,"href":"https:\/\/letempsmag.ma\/index.php?rest_route=%2Fwp%2Fv2%2Fcomments&post=30310"}],"version-history":[{"count":1,"href":"https:\/\/letempsmag.ma\/index.php?rest_route=\/wp\/v2\/posts\/30310\/revisions"}],"predecessor-version":[{"id":30312,"href":"https:\/\/letempsmag.ma\/index.php?rest_route=\/wp\/v2\/posts\/30310\/revisions\/30312"}],"wp:featuredmedia":[{"embeddable":true,"href":"https:\/\/letempsmag.ma\/index.php?rest_route=\/wp\/v2\/media\/30311"}],"wp:attachment":[{"href":"https:\/\/letempsmag.ma\/index.php?rest_route=%2Fwp%2Fv2%2Fmedia&parent=30310"}],"wp:term":[{"taxonomy":"category","embeddable":true,"href":"https:\/\/letempsmag.ma\/index.php?rest_route=%2Fwp%2Fv2%2Fcategories&post=30310"},{"taxonomy":"post_tag","embeddable":true,"href":"https:\/\/letempsmag.ma\/index.php?rest_route=%2Fwp%2Fv2%2Ftags&post=30310"}],"curies":[{"name":"wp","href":"https:\/\/api.w.org\/{rel}","templated":true}]}}