{"id":30227,"date":"2024-08-28T12:13:33","date_gmt":"2024-08-28T11:13:33","guid":{"rendered":"https:\/\/letempsmag.ma\/?p=30227"},"modified":"2024-08-28T12:13:34","modified_gmt":"2024-08-28T11:13:34","slug":"fortes-averses-orageuses-au-maroc-avec-de-la-grele-et-des-rafales-de-vent","status":"publish","type":"post","link":"https:\/\/letempsmag.ma\/?p=30227","title":{"rendered":"Fortes averses orageuses au Maroc avec de la gr\u00eale et des rafales de vent"},"content":{"rendered":"\n<p>De fortes averses orageuses avec de la gr\u00eale et des rafales de vent sous orages sont attendues ce mercredi dans plusieurs provinces du Royaume, annonce la Direction G\u00e9n\u00e9rale de la M\u00e9t\u00e9orologie.<\/p>\n\n\n\n<p>Des averses orageuses (20-35 mm) sont ainsi pr\u00e9vues aujourd\u2019hui entre 13h et 23h dans les provinces de Boulemane, Taza, Ifrane, Kh\u00e9nifra, Midelt, Sefrou, Al Hoceima, Guercif, Driouch, J\u00e9rada et Taourirt, pr\u00e9cise la Direction G\u00e9n\u00e9rale de la M\u00e9t\u00e9orologie dans un bulletin d\u2019alerte de niveau de \u00abvigilance orange\u00bb.<\/p>\n","protected":false},"excerpt":{"rendered":"<p>De fortes averses orageuses avec de la gr\u00eale et des rafales de vent sous orages sont attendues ce mercredi dans plusieurs provinces du Royaume, annonce la Direction G\u00e9n\u00e9rale de la M\u00e9t\u00e9orologie. Des averses orageuses (20-35 mm) sont ainsi pr\u00e9vues aujourd\u2019hui entre 13h et 23h dans les provinces de Boulemane, Taza, Ifrane, Kh\u00e9nifra, Midelt, Sefrou, Al &hellip;<\/p>\n","protected":false},"author":9,"featured_media":30228,"comment_status":"open","ping_status":"closed","sticky":false,"template":"","format":"standard","meta":{"footnotes":""},"categories":[234],"tags":[],"class_list":["post-30227","post","type-post","status-publish","format-standard","has-post-thumbnail","hentry","category-meteo-2"],"_links":{"self":[{"href":"https:\/\/letempsmag.ma\/index.php?rest_route=\/wp\/v2\/posts\/30227","targetHints":{"allow":["GET"]}}],"collection":[{"href":"https:\/\/letempsmag.ma\/index.php?rest_route=\/wp\/v2\/posts"}],"about":[{"href":"https:\/\/letempsmag.ma\/index.php?rest_route=\/wp\/v2\/types\/post"}],"author":[{"embeddable":true,"href":"https:\/\/letempsmag.ma\/index.php?rest_route=\/wp\/v2\/users\/9"}],"replies":[{"embeddable":true,"href":"https:\/\/letempsmag.ma\/index.php?rest_route=%2Fwp%2Fv2%2Fcomments&post=30227"}],"version-history":[{"count":1,"href":"https:\/\/letempsmag.ma\/index.php?rest_route=\/wp\/v2\/posts\/30227\/revisions"}],"predecessor-version":[{"id":30229,"href":"https:\/\/letempsmag.ma\/index.php?rest_route=\/wp\/v2\/posts\/30227\/revisions\/30229"}],"wp:featuredmedia":[{"embeddable":true,"href":"https:\/\/letempsmag.ma\/index.php?rest_route=\/wp\/v2\/media\/30228"}],"wp:attachment":[{"href":"https:\/\/letempsmag.ma\/index.php?rest_route=%2Fwp%2Fv2%2Fmedia&parent=30227"}],"wp:term":[{"taxonomy":"category","embeddable":true,"href":"https:\/\/letempsmag.ma\/index.php?rest_route=%2Fwp%2Fv2%2Fcategories&post=30227"},{"taxonomy":"post_tag","embeddable":true,"href":"https:\/\/letempsmag.ma\/index.php?rest_route=%2Fwp%2Fv2%2Ftags&post=30227"}],"curies":[{"name":"wp","href":"https:\/\/api.w.org\/{rel}","templated":true}]}}