{"id":30163,"date":"2024-08-23T08:10:47","date_gmt":"2024-08-23T07:10:47","guid":{"rendered":"https:\/\/letempsmag.ma\/?p=30163"},"modified":"2024-08-23T08:10:48","modified_gmt":"2024-08-23T07:10:48","slug":"la-marocaine-fatima-zahra-ettawali-remporte-le-prix-waai-a-riyad","status":"publish","type":"post","link":"https:\/\/letempsmag.ma\/?p=30163","title":{"rendered":"La Marocaine Fatima Zahra Ettawali remporte le prix &#8220;Waai&#8221; \u00e0 Riyad"},"content":{"rendered":"\n<p>La 6\u00e8me \u00e9dition du prix \u00abWaai\u00bb (Waai Award) de la photographie publicitaire s\u2019est tenue mardi dernier \u00e0 Riyad, c\u00e9l\u00e9brant les r\u00e9alisations exceptionnelles dans le domaine de la sensibilisation \u00e0 la sant\u00e9 \u00e0 travers des contenus cr\u00e9atifs. Notre confr\u00e8re en ligne, Hespress, rapporte que parmi les laur\u00e9ats de cette ann\u00e9e, la Marocaine Fatima Zahra Ettawali qui s\u2019est distingu\u00e9e en remportant le prestigieux prix \u00abWaai\u00bb dans la cat\u00e9gorie de la photographie publicitaire.<\/p>\n\n\n\n<p>D\u00e9cern\u00e9 par les minist\u00e8res saoudiens de l\u2019\u00c9ducation et de la Sant\u00e9, le prix vise \u00e0 promouvoir les efforts de sensibilisation \u00e0 la sant\u00e9 dans le monde arabe. Il encourage la production de contenus innovants et \u00e9ducatifs pour sensibiliser le public aux pratiques pr\u00e9ventives, aux risques sanitaires et \u00e0 l\u2019importance des habitudes saines de la vie.<\/p>\n\n\n\n<p>La c\u00e9r\u00e9monie de remise des prix a \u00e9t\u00e9 marqu\u00e9e par la pr\u00e9sence de grandes figures telles que Fahad Bin Abdul-Rahman Al-Jalajel, Ministre saoudien de la Sant\u00e9, et Yousef Abdullah Al-Benyan, Ministre de l\u2019\u00c9ducation.<\/p>\n\n\n\n<p>A cette occasion, Abdul-Rahman Al-Jalajel a salu\u00e9 les contributions des participants et des institutions qui \u0153uvrent pour renforcer la sensibilisation \u00e0 la sant\u00e9, tout en soulignant l\u2019impact significatif du prix \u00abWaai\u00bb dans la promotion de la pr\u00e9vention avant traitement.<\/p>\n\n\n\n<p>Le prix \u00abWaai\u00bb 2024, qui a distribu\u00e9 un montant total de plus d\u2019un million de Riyals saoudiens (\u00e0 peu pr\u00e8s 2 millions de DH), s\u2019est d\u00e9clin\u00e9 en six cat\u00e9gories : court-m\u00e9trage, motion design, infographie, photographie publicitaire, id\u00e9es cr\u00e9atives, et prises de vue longitudinales. Un Prix du public, distinct du jury, a \u00e9galement \u00e9t\u00e9 attribu\u00e9 aux dix participations ayant re\u00e7u le plus de votes en ligne.<\/p>\n\n\n\n<p>Les th\u00e8mes abord\u00e9s pour cette \u00e9dition incluent l\u2019activit\u00e9 physique, le sommeil et l\u2019insomnie, les maladies transmissibles et non transmissibles, les accidents de la route, l\u2019assurance maladie, les premiers secours, et la d\u00e9pendance. Le prix \u00abWaai\u00bb a \u00e9galement honor\u00e9 des institutions comme le minist\u00e8re des Communications et des Technologies de l\u2019information, ainsi que le podcast \u00abFinjan\u00bb de la cha\u00eene Thamanyah, pour leur engagement continu en mati\u00e8re de pr\u00e9vention et de sensibilisation \u00e0 la sant\u00e9.<\/p>\n\n\n\n<p>Depuis sa cr\u00e9ation, le prix a mis en lumi\u00e8re plus de 300 personnes et organisations d\u00e9vou\u00e9es \u00e0 la cause de la sensibilisation \u00e0 la sant\u00e9, illustrant l\u2019engagement du minist\u00e8re de la Sant\u00e9 saoudien \u00e0 encourager et \u00e0 soutenir les efforts visant \u00e0 prot\u00e9ger la communaut\u00e9 contre divers risques sanitaires. Avec une participation de 44% provenant des pays arabes et 56% \u00e0 l\u2019\u00e9chelle locale, cette initiative continue de jouer un r\u00f4le crucial dans le renforcement des actions pr\u00e9ventives et \u00e9ducatives en mati\u00e8re de sant\u00e9.<\/p>\n\n\n\n<p>Fatima Zahra Ettawali, avec son \u0153uvre prim\u00e9e, s\u2019inscrit dans la lign\u00e9e des efforts qui apportent une contribution pr\u00e9cieuse \u00e0 la sensibilisation et \u00e0 la pr\u00e9vention \u00e0 travers la photographie publicitaire.<\/p>\n","protected":false},"excerpt":{"rendered":"<p>La 6\u00e8me \u00e9dition du prix \u00abWaai\u00bb (Waai Award) de la photographie publicitaire s\u2019est tenue mardi dernier \u00e0 Riyad, c\u00e9l\u00e9brant les r\u00e9alisations exceptionnelles dans le domaine de la sensibilisation \u00e0 la sant\u00e9 \u00e0 travers des contenus cr\u00e9atifs. Notre confr\u00e8re en ligne, Hespress, rapporte que parmi les laur\u00e9ats de cette ann\u00e9e, la Marocaine Fatima Zahra Ettawali qui &hellip;<\/p>\n","protected":false},"author":9,"featured_media":30164,"comment_status":"open","ping_status":"closed","sticky":false,"template":"","format":"standard","meta":{"footnotes":""},"categories":[1347],"tags":[],"class_list":["post-30163","post","type-post","status-publish","format-standard","has-post-thumbnail","hentry","category-photo-publicitaire"],"_links":{"self":[{"href":"https:\/\/letempsmag.ma\/index.php?rest_route=\/wp\/v2\/posts\/30163","targetHints":{"allow":["GET"]}}],"collection":[{"href":"https:\/\/letempsmag.ma\/index.php?rest_route=\/wp\/v2\/posts"}],"about":[{"href":"https:\/\/letempsmag.ma\/index.php?rest_route=\/wp\/v2\/types\/post"}],"author":[{"embeddable":true,"href":"https:\/\/letempsmag.ma\/index.php?rest_route=\/wp\/v2\/users\/9"}],"replies":[{"embeddable":true,"href":"https:\/\/letempsmag.ma\/index.php?rest_route=%2Fwp%2Fv2%2Fcomments&post=30163"}],"version-history":[{"count":1,"href":"https:\/\/letempsmag.ma\/index.php?rest_route=\/wp\/v2\/posts\/30163\/revisions"}],"predecessor-version":[{"id":30165,"href":"https:\/\/letempsmag.ma\/index.php?rest_route=\/wp\/v2\/posts\/30163\/revisions\/30165"}],"wp:featuredmedia":[{"embeddable":true,"href":"https:\/\/letempsmag.ma\/index.php?rest_route=\/wp\/v2\/media\/30164"}],"wp:attachment":[{"href":"https:\/\/letempsmag.ma\/index.php?rest_route=%2Fwp%2Fv2%2Fmedia&parent=30163"}],"wp:term":[{"taxonomy":"category","embeddable":true,"href":"https:\/\/letempsmag.ma\/index.php?rest_route=%2Fwp%2Fv2%2Fcategories&post=30163"},{"taxonomy":"post_tag","embeddable":true,"href":"https:\/\/letempsmag.ma\/index.php?rest_route=%2Fwp%2Fv2%2Ftags&post=30163"}],"curies":[{"name":"wp","href":"https:\/\/api.w.org\/{rel}","templated":true}]}}