{"id":30101,"date":"2024-08-20T11:05:20","date_gmt":"2024-08-20T10:05:20","guid":{"rendered":"https:\/\/letempsmag.ma\/?p=30101"},"modified":"2024-08-20T12:02:49","modified_gmt":"2024-08-20T11:02:49","slug":"alain-delon-monstre-sacre-vraiment","status":"publish","type":"post","link":"https:\/\/letempsmag.ma\/?p=30101","title":{"rendered":"Alain Delon, \u00abmonstre sacr\u00e9\u00bb\u00a0? Vraiment\u00a0?"},"content":{"rendered":"\n<p class=\"has-text-align-center\"><strong>Par HASSAN EL ARCH<\/strong><\/p>\n\n\n\n<p>Le monde cin\u00e9matographique a perdu une de ses figures les plus embl\u00e9matiques et Isra\u00ebl a perdu un de ses soutiens et donateurs les plus g\u00e9n\u00e9reux. Voil\u00e0 tout ce que je retiens de la disparition d\u2019Alain Delon, avant-hier, 18 ao\u00fbt. \u00abMonstre sacr\u00e9\u00bb pour les uns, mariole ultra-m\u00e9ga-hyper-narcissique pour les autres\u2026 Celui qui parlait parfois \u00e0 la troisi\u00e8me personne du singulier, face aux cam\u00e9ras, s\u2019est \u00e9teint \u00e0 88 ans apr\u00e8s une carri\u00e8re pleine de films plus ou moins bons, une centaine au total, et surtout une th\u00e9\u00e2tralisation de tous les instants autour d\u2019un ego prodigieusement hypertrophi\u00e9.<\/p>\n\n\n\n<p>On le disait tr\u00e8s beau. Oui, assur\u00e9ment il l\u2019\u00e9tait. Est-ce ce \u00abcanon\u00bb qui fait la valeur d\u2019un acteur ou son talent&nbsp;? Il faut chercher la r\u00e9ponse dans les filmographies de Jean Gabin, Lino Ventura, Jean-Paul Belmondo, Yves Montand, Roger Hanin, et bien d\u2019autres. La m\u00e9moire est toujours curieusement s\u00e9lective&nbsp;!<\/p>\n\n\n\n<p>On glosera tant qu\u2019on voudra, Alain Delon n\u2019avait pas le charisme et la pr\u00e9sence de quelques unes de ces vraies sommit\u00e9s du 7<sup>\u00e8me<\/sup> Art fran\u00e7ais. Il avait en revanche, c\u2019est absolument vrai, une belle gueule. Et une conscience permanente de la n\u00e9cessit\u00e9 de s\u2019en servir comme atout primordial tout au long&nbsp; de sa carri\u00e8re. De ce point de vue, il a d\u2019ailleurs plut\u00f4t bien vieilli. Comme ces crus fran\u00e7ais qui se bonifient avec l\u2019\u00e2ge. Sauf que sur la fin, il a pay\u00e9 son tribut \u00e0 la sant\u00e9 qui d\u00e9clinait \u00e0 vue d\u2019\u0153il. Ses trois h\u00e9ritiers n\u2019ont pas h\u00e9sit\u00e9 \u00e0 s\u2019\u00e9charper autour de la succession&nbsp;! Car tout acteur qu\u2019il \u00e9tait, Alain Delon \u00e9tait aussi et surtout un businessman avis\u00e9. Il a capitalis\u00e9 sa marque de fabrique en Europe, en Asie et aux States. R\u00e9guli\u00e8rement, il faisait des dons cons\u00e9quents aux mouvements anti-palestiniens en Isra\u00ebl pour rappeler sa jud\u00e9it\u00e9 engag\u00e9e. Politiquement, on retiendra qu\u2019il a longtemps flirt\u00e9 avec les mouvances x\u00e9nophobes de l\u2019extr\u00eame-droite en France. Une sympathie bien assum\u00e9e pour le fondateur du Front National, Jean-Marie le Pen. Il disait de lui notamment&nbsp;: \u00abOn peut lui reconna\u00eetre au moins trois choses. Il est sympa. Il dit tout haut des choses que les autres osent \u00e0 peine dire tout bas. Il parle diff\u00e9remment\u00bb. Et d\u2019enfoncer le clou, en 2013, en d\u00e9clarant approuver \u00abQue le Front National prenne une place tr\u00e8s importante\u00bb dans la vie politique fran\u00e7aise.<\/p>\n\n\n\n<p>Sur les femmes, qui pourtant se jetaient \u00e0 ses pieds, des d\u00e9cennies durant, il \u00e9tait d\u2019un flegme immuable&nbsp;: \u00abLes femmes se sont battues pour avoir des droits, elles ont eu ce qu\u2019elles voulaient. Tr\u00e8s bien. Mais pourquoi aller jusqu\u2019\u00e0 se comporter comme des hommes&nbsp;? Pourquoi vouloir leur ressembler&nbsp;? Je ne comprends pas. J&#8217;ai dit que j&#8217;avais gifl\u00e9 une femme&nbsp;? Oui. Et j&#8217;aurais d\u00fb ajouter que j&#8217;ai plus re\u00e7u de baffes que je n&#8217;en ai donn\u00e9es. Elles m&#8217;ont beaucoup harcel\u00e9, et aujourd&#8217;hui encore, alors que je n&#8217;ai plus grand-chose \u00e0 donner\u00bb.<\/p>\n","protected":false},"excerpt":{"rendered":"<p>Par HASSAN EL ARCH Le monde cin\u00e9matographique a perdu une de ses figures les plus embl\u00e9matiques et Isra\u00ebl a perdu un de ses soutiens et donateurs les plus g\u00e9n\u00e9reux. Voil\u00e0 tout ce que je retiens de la disparition d\u2019Alain Delon, avant-hier, 18 ao\u00fbt. \u00abMonstre sacr\u00e9\u00bb pour les uns, mariole ultra-m\u00e9ga-hyper-narcissique pour les autres\u2026 Celui qui &hellip;<\/p>\n","protected":false},"author":9,"featured_media":30102,"comment_status":"open","ping_status":"closed","sticky":false,"template":"","format":"standard","meta":{"footnotes":""},"categories":[369],"tags":[],"class_list":["post-30101","post","type-post","status-publish","format-standard","has-post-thumbnail","hentry","category-billet"],"_links":{"self":[{"href":"https:\/\/letempsmag.ma\/index.php?rest_route=\/wp\/v2\/posts\/30101","targetHints":{"allow":["GET"]}}],"collection":[{"href":"https:\/\/letempsmag.ma\/index.php?rest_route=\/wp\/v2\/posts"}],"about":[{"href":"https:\/\/letempsmag.ma\/index.php?rest_route=\/wp\/v2\/types\/post"}],"author":[{"embeddable":true,"href":"https:\/\/letempsmag.ma\/index.php?rest_route=\/wp\/v2\/users\/9"}],"replies":[{"embeddable":true,"href":"https:\/\/letempsmag.ma\/index.php?rest_route=%2Fwp%2Fv2%2Fcomments&post=30101"}],"version-history":[{"count":2,"href":"https:\/\/letempsmag.ma\/index.php?rest_route=\/wp\/v2\/posts\/30101\/revisions"}],"predecessor-version":[{"id":30120,"href":"https:\/\/letempsmag.ma\/index.php?rest_route=\/wp\/v2\/posts\/30101\/revisions\/30120"}],"wp:featuredmedia":[{"embeddable":true,"href":"https:\/\/letempsmag.ma\/index.php?rest_route=\/wp\/v2\/media\/30102"}],"wp:attachment":[{"href":"https:\/\/letempsmag.ma\/index.php?rest_route=%2Fwp%2Fv2%2Fmedia&parent=30101"}],"wp:term":[{"taxonomy":"category","embeddable":true,"href":"https:\/\/letempsmag.ma\/index.php?rest_route=%2Fwp%2Fv2%2Fcategories&post=30101"},{"taxonomy":"post_tag","embeddable":true,"href":"https:\/\/letempsmag.ma\/index.php?rest_route=%2Fwp%2Fv2%2Ftags&post=30101"}],"curies":[{"name":"wp","href":"https:\/\/api.w.org\/{rel}","templated":true}]}}