{"id":29965,"date":"2024-08-10T09:01:14","date_gmt":"2024-08-10T08:01:14","guid":{"rendered":"https:\/\/letempsmag.ma\/?p=29965"},"modified":"2024-08-10T10:09:37","modified_gmt":"2024-08-10T09:09:37","slug":"emirates-propose-des-horizons-gisants-aux-candidats-marocains","status":"publish","type":"post","link":"https:\/\/letempsmag.ma\/?p=29965","title":{"rendered":"Emirates propose des horizons grisants aux candidats marocains\u00a0"},"content":{"rendered":"\n<p>Alors que le soleil se l\u00e8ve sur l&#8217;horizon scintillant de Duba\u00ef, Wafa Kharbibi commence sa journ\u00e9e avec une vue \u00e0 couper le souffle, m\u00eame apr\u00e8s cinq ann\u00e9es en tant que membre de l&#8217;\u00e9quipage de cabine d&#8217;Emirates. La jeune Wafa (de Marrakech) fait partie des 830 Marocains qui ont fait de cette ville dynamique, leur r\u00e9sidence secondaire, gr\u00e2ce \u00e0 leur carri\u00e8re au sein de la plus grande compagnie a\u00e9rienne internationale du monde.<\/p>\n\n\n\n<p>&#8220;Vivre \u00e0 Duba\u00ef comme personnel de cabine chez Emirates, c&#8217;est comme \u00eatre \u00e0 la crois\u00e9e des chemins du monde&#8221;, d\u00e9clare Wafa Kharbibi en contemplant l&#8217;impressionnante ligne d&#8217;horizon de la ville. &#8220;Au quotidien, je suis entour\u00e9e d&#8217;un m\u00e9lange de cultures et d&#8217;exp\u00e9riences novatrices. C&#8217;est comme si la ville elle-m\u00eame refl\u00e9tait l&#8217;excitation et la diversit\u00e9 de mes voyages avec Emirates&#8221;, dit-elle.<\/p>\n\n\n\n<p>Durant ce mois d\u2019ao\u00fbt 2024, Emirates offre \u00e0 davantage de Marocains la chance de suivre les traces de Wafa, avec une campagne de recrutement \u00e0 travers le pays. La compagnie a\u00e9rienne organisera des journ\u00e9es portes ouvertes dans les grandes villes du Royaume : Casablanca les 9 et 22 ao\u00fbt, Rabat le 11 ao\u00fbt, F\u00e8s le 13 ao\u00fbt, Marrakech le 18 ao\u00fbt et Tanger le 20 ao\u00fbt.<\/p>\n\n\n\n<p>Pour beaucoup, comme Wafa, la d\u00e9cision de rejoindre Emirates est attribu\u00e9e \u00e0 la promesse d\u2019un nouveau style de vie \u00e0 Duba\u00ef ainsi que les avantages du travail en lui-m\u00eame. &#8220;Vivre \u00e0 Duba\u00ef m&#8217;a ouvert les yeux sur un monde de cultures&#8221;, explique-t-elle.<\/p>\n\n\n\n<p>&#8220;Pendant mes jours de cong\u00e9, je peux faire du shopping dans le plus grand centre commercial au monde, skier \u00e0 l&#8217;int\u00e9rieur Emirates Mall ou aller m\u00eame contempler le coucher de soleil sur les dunes du d\u00e9sert&#8221;, indique-t-elle.<\/p>\n\n\n\n<p>Le salaire non imposable est certes un aspect attrayant, n\u00e9anmoins Wafa insiste sur le fait que c&#8217;est la qualit\u00e9 de vie qui distingue r\u00e9ellement Duba\u00ef.<\/p>\n\n\n\n<p>&#8220;Emirates nous fournit un h\u00e9bergement meubl\u00e9 et un moyen de transport confortable, ce qui nous permet de profiter pleinement de ce que la ville a \u00e0 offrir&#8221;, dit-elle. Des restaurants de classe mondiale, aux merveilles architecturales \u00e0 couper le souffle, Duba\u00ef constitue une toile de fond passionnante pour le style de vie du personnel de cabine.<\/p>\n\n\n\n<p>Mais le quotidien ne se cantonne pas seulement \u00e0 vivre dans un monde de glamour visible. Pour de nombreux membres d&#8217;\u00e9quipage marocains, il s&#8217;agit \u00e9galement d&#8217;une question de d\u00e9veloppement personnelle et d&#8217;\u00e9change culturel. &#8220;J&#8217;ai tellement appris sur la tol\u00e9rance et la coexistence&#8221;, d\u00e9clare Wafa. &#8220;Vivre et travailler aux c\u00f4t\u00e9s de personnes de plus de 140 nationalit\u00e9s a \u00e9largi mes perspectives d&#8217;une mani\u00e8re que je n&#8217;aurais jamais imagin\u00e9e&#8221;.<\/p>\n\n\n\n<p>Khalfan Al Salami, le Directeur G\u00e9n\u00e9ral d&#8217;Emirates pour le Maroc et la Mauritanie, explique : &#8220;Le Maroc a toujours \u00e9t\u00e9 une source de talents exceptionnels pour Emirates. Cette campagne de recrutement r\u00e9affirme notre engagement \u00e0 investir dans les talents marocains. Nous ne proposons pas seulement des emplois; nous invitons les Marocains \u00e0 devenir des ambassadeurs de leur culture sur la sc\u00e8ne mondiale, tout en exp\u00e9rimentant le style de vie unique qu&#8217;offrent Duba\u00ef et les \u00c9mirats&#8221;.<\/p>\n\n\n\n<p>Alors qu&#8217;Emirates se pr\u00e9pare \u00e0 accueillir une nouvelle cohorte de personnel de cabine, la compagnie a\u00e9rienne ne se contente pas d&#8217;offrir des emplois. Elle ouvre \u00e9galement une porte vers une nouvelle vie. Avec les campagnes de recrutement \u00e0 venir, davantage de Marocains auront l\u2019opportunit\u00e9 de s\u2019installer \u00e0 Duba\u00ef et de se lancer dans une carri\u00e8re qui promet d\u2019\u00eatre aussi enrichissante qu\u2019excitante.<\/p>\n\n\n\n<p>Les candidats sont encourag\u00e9s \u00e0 consulter le site Web Emirates Careers afin d\u2019en apprendre plus concernant le processus et les exigences de recrutement.<\/p>\n\n\n\n<p>&#8220;Il y a trois ans, je me suis lanc\u00e9e dans une nouvelle aventure. Aujourd&#8217;hui, je ne peux pas imaginer ma vie autrement. Duba\u00ef n&#8217;est plus seulement une escale pour moi, c&#8217;est aussi chez moi&#8221;, conclut Wafa.&nbsp;<\/p>\n\n\n\n<p>Rappelons qu&#8217;Emirates dessert le Maroc depuis 2002 et propose actuellement des vols quotidiens vers Casablanca au d\u00e9part de Duba\u00ef \u00e0 bord de l&#8217;embl\u00e9matique avion Airbus A380, v\u00e9ritable paquebot des cieux.<\/p>\n","protected":false},"excerpt":{"rendered":"<p>Alors que le soleil se l\u00e8ve sur l&#8217;horizon scintillant de Duba\u00ef, Wafa Kharbibi commence sa journ\u00e9e avec une vue \u00e0 couper le souffle, m\u00eame apr\u00e8s cinq ann\u00e9es en tant que membre de l&#8217;\u00e9quipage de cabine d&#8217;Emirates. La jeune Wafa (de Marrakech) fait partie des 830 Marocains qui ont fait de cette ville dynamique, leur r\u00e9sidence &hellip;<\/p>\n","protected":false},"author":9,"featured_media":29966,"comment_status":"open","ping_status":"closed","sticky":false,"template":"","format":"standard","meta":{"footnotes":""},"categories":[53],"tags":[],"class_list":["post-29965","post","type-post","status-publish","format-standard","has-post-thumbnail","hentry","category-aerien"],"_links":{"self":[{"href":"https:\/\/letempsmag.ma\/index.php?rest_route=\/wp\/v2\/posts\/29965","targetHints":{"allow":["GET"]}}],"collection":[{"href":"https:\/\/letempsmag.ma\/index.php?rest_route=\/wp\/v2\/posts"}],"about":[{"href":"https:\/\/letempsmag.ma\/index.php?rest_route=\/wp\/v2\/types\/post"}],"author":[{"embeddable":true,"href":"https:\/\/letempsmag.ma\/index.php?rest_route=\/wp\/v2\/users\/9"}],"replies":[{"embeddable":true,"href":"https:\/\/letempsmag.ma\/index.php?rest_route=%2Fwp%2Fv2%2Fcomments&post=29965"}],"version-history":[{"count":2,"href":"https:\/\/letempsmag.ma\/index.php?rest_route=\/wp\/v2\/posts\/29965\/revisions"}],"predecessor-version":[{"id":29974,"href":"https:\/\/letempsmag.ma\/index.php?rest_route=\/wp\/v2\/posts\/29965\/revisions\/29974"}],"wp:featuredmedia":[{"embeddable":true,"href":"https:\/\/letempsmag.ma\/index.php?rest_route=\/wp\/v2\/media\/29966"}],"wp:attachment":[{"href":"https:\/\/letempsmag.ma\/index.php?rest_route=%2Fwp%2Fv2%2Fmedia&parent=29965"}],"wp:term":[{"taxonomy":"category","embeddable":true,"href":"https:\/\/letempsmag.ma\/index.php?rest_route=%2Fwp%2Fv2%2Fcategories&post=29965"},{"taxonomy":"post_tag","embeddable":true,"href":"https:\/\/letempsmag.ma\/index.php?rest_route=%2Fwp%2Fv2%2Ftags&post=29965"}],"curies":[{"name":"wp","href":"https:\/\/api.w.org\/{rel}","templated":true}]}}