{"id":29853,"date":"2024-07-31T09:34:42","date_gmt":"2024-07-31T08:34:42","guid":{"rendered":"https:\/\/letempsmag.ma\/?p=29853"},"modified":"2024-07-31T09:34:43","modified_gmt":"2024-07-31T08:34:43","slug":"sahara-marocain-la-france-retrouve-les-voies-de-la-raison","status":"publish","type":"post","link":"https:\/\/letempsmag.ma\/?p=29853","title":{"rendered":"Sahara marocain\u00a0: la France retrouve les voies de la raison"},"content":{"rendered":"\n<p>Dans un message adress\u00e9 lundi dernier \u00e0 S.M. le Roi Mohammed VI, le Pr\u00e9sident fran\u00e7ais Emmanuel Macron, a annonce officiellement au Souverain qu\u2019il \u00abconsid\u00e8re que le pr\u00e9sent et l&#8217;avenir du Sahara occidental s&#8217;inscrivent dans le cadre de la souverainet\u00e9 marocaine\u00bb, a indiqu\u00e9 hier le Cabinet Royal dans un communiqu\u00e9.<\/p>\n\n\n\n<p>Dans ce m\u00eame message, qui co\u00efncide avec la comm\u00e9moration du 25<sup>\u00e8me<\/sup> anniversaire de la F\u00eate du Tr\u00f4ne, le Pr\u00e9sident de la R\u00e9publique fran\u00e7aise assure au Souverain \u00abL\u2019intangibilit\u00e9 de la position fran\u00e7aise sur cet enjeu de s\u00e9curit\u00e9 nationale pour le Royaume\u00bb et que son pays \u00abEntend agir en coh\u00e9rence avec cette position \u00e0 titre national et au niveau international\u00bb.<\/p>\n\n\n\n<p>\u00c0 cet effet, Emmanuel Macron affirme que \u00abPour la France, l&#8217;autonomie sous souverainet\u00e9 marocaine est le cadre dans lequel cette question doit \u00eatre r\u00e9solue. Notre soutien au plan d&#8217;autonomie propos\u00e9 par le Maroc en 2007 est clair et constant\u00bb, ajoutant que ce plan \u00abConstitue d\u00e9sormais la seule base pour aboutir \u00e0 une solution politique, juste, durable et n\u00e9goci\u00e9e, conform\u00e9ment aux r\u00e9solutions du Conseil de S\u00e9curit\u00e9 des Nations-Unies\u00bb.<\/p>\n\n\n\n<p>Le Chef de l\u2019\u00c9tat fran\u00e7ais poursuit&nbsp;: \u00abAujourd\u2019hui, un consensus international de plus en plus large se d\u00e9gage\u00bb concernant le plan d\u2019autonomie sous souverainet\u00e9 marocaine, pr\u00e9cisant que \u00abLa France y prend toute sa part dans l&#8217;ensemble des enceintes concern\u00e9es\u00bb, notamment \u00e0 travers le soutien de la France aux efforts du Secr\u00e9taire G\u00e9n\u00e9ral des Nations-Unies et de son Envoy\u00e9 Personnel. \u00abIl est temps d&#8217;avancer. J&#8217;encourage donc toutes les parties \u00e0 se r\u00e9unir en vue d&#8217;un r\u00e8glement politique, qui est \u00e0 port\u00e9e de main\u00bb, affirme Emmanuel Macron dans son message au Souverain.<\/p>\n\n\n\n<p>Par ailleurs, apr\u00e8s s\u2019\u00eatre f\u00e9licit\u00e9 des efforts du Maroc pour le d\u00e9veloppement \u00e9conomique et social du Sahara marocain, le Pr\u00e9sident de la R\u00e9publique fran\u00e7aise s\u2019est engag\u00e9 \u00e0 ce que \u00abLa France accompagnera le Maroc dans cette d\u00e9marche au b\u00e9n\u00e9fice des populations locales\u00bb.<\/p>\n\n\n\n<p>Cette annonce de la R\u00e9publique fran\u00e7aise, membre permanent du Conseil de S\u00e9curit\u00e9 de l\u2019ONU, constitue une \u00e9volution importante et significative en soutien \u00e0 la souverainet\u00e9 marocaine sur son Sahara. Elle s\u2019inscrit dans la dynamique impuls\u00e9e par S.M. le Roi Mohammed VI et port\u00e9e par de nombreux pays dans diff\u00e9rentes r\u00e9gions du monde, en faveur de l\u2019int\u00e9grit\u00e9 territoriale du Maroc et du plan d\u2019autonomie comme cadre exclusif pour la r\u00e9solution de ce diff\u00e9rend r\u00e9gional entretenu de mani\u00e8re artificielle depuis 49 ans&nbsp; par les s\u00e9paratistes du \u00abPolisario\u00bb et leur parrain alg\u00e9rien.<\/p>\n","protected":false},"excerpt":{"rendered":"<p>Dans un message adress\u00e9 lundi dernier \u00e0 S.M. le Roi Mohammed VI, le Pr\u00e9sident fran\u00e7ais Emmanuel Macron, a annonce officiellement au Souverain qu\u2019il \u00abconsid\u00e8re que le pr\u00e9sent et l&#8217;avenir du Sahara occidental s&#8217;inscrivent dans le cadre de la souverainet\u00e9 marocaine\u00bb, a indiqu\u00e9 hier le Cabinet Royal dans un communiqu\u00e9. Dans ce m\u00eame message, qui co\u00efncide &hellip;<\/p>\n","protected":false},"author":9,"featured_media":29854,"comment_status":"open","ping_status":"closed","sticky":false,"template":"","format":"standard","meta":{"footnotes":""},"categories":[68],"tags":[],"class_list":["post-29853","post","type-post","status-publish","format-standard","has-post-thumbnail","hentry","category-politique"],"_links":{"self":[{"href":"https:\/\/letempsmag.ma\/index.php?rest_route=\/wp\/v2\/posts\/29853","targetHints":{"allow":["GET"]}}],"collection":[{"href":"https:\/\/letempsmag.ma\/index.php?rest_route=\/wp\/v2\/posts"}],"about":[{"href":"https:\/\/letempsmag.ma\/index.php?rest_route=\/wp\/v2\/types\/post"}],"author":[{"embeddable":true,"href":"https:\/\/letempsmag.ma\/index.php?rest_route=\/wp\/v2\/users\/9"}],"replies":[{"embeddable":true,"href":"https:\/\/letempsmag.ma\/index.php?rest_route=%2Fwp%2Fv2%2Fcomments&post=29853"}],"version-history":[{"count":1,"href":"https:\/\/letempsmag.ma\/index.php?rest_route=\/wp\/v2\/posts\/29853\/revisions"}],"predecessor-version":[{"id":29855,"href":"https:\/\/letempsmag.ma\/index.php?rest_route=\/wp\/v2\/posts\/29853\/revisions\/29855"}],"wp:featuredmedia":[{"embeddable":true,"href":"https:\/\/letempsmag.ma\/index.php?rest_route=\/wp\/v2\/media\/29854"}],"wp:attachment":[{"href":"https:\/\/letempsmag.ma\/index.php?rest_route=%2Fwp%2Fv2%2Fmedia&parent=29853"}],"wp:term":[{"taxonomy":"category","embeddable":true,"href":"https:\/\/letempsmag.ma\/index.php?rest_route=%2Fwp%2Fv2%2Fcategories&post=29853"},{"taxonomy":"post_tag","embeddable":true,"href":"https:\/\/letempsmag.ma\/index.php?rest_route=%2Fwp%2Fv2%2Ftags&post=29853"}],"curies":[{"name":"wp","href":"https:\/\/api.w.org\/{rel}","templated":true}]}}