{"id":29792,"date":"2024-07-27T12:32:32","date_gmt":"2024-07-27T11:32:32","guid":{"rendered":"https:\/\/letempsmag.ma\/?p=29792"},"modified":"2024-07-27T12:32:33","modified_gmt":"2024-07-27T11:32:33","slug":"vague-de-chaleur-ce-que-recommande-le-ministere-de-la-sante","status":"publish","type":"post","link":"https:\/\/letempsmag.ma\/?p=29792","title":{"rendered":"Vague de chaleur\u00a0: ce que recommande le minist\u00e8re de la Sant\u00e9"},"content":{"rendered":"\n<p>Le minist\u00e8re de la Sant\u00e9 et de la Protection sociale annonce une batterie de mesures d\u2019urgence pour rem\u00e9dier aux effets sur la sant\u00e9 de la vague de chaleur que conna\u00eet actuellement le Royaume, suite aux bulletins d\u2019alerte \u00e9mis par la Direction G\u00e9n\u00e9rale de la M\u00e9t\u00e9orologie, au sujet de la hausse des temp\u00e9ratures dans certaines r\u00e9gions du Royaume.<\/p>\n\n\n\n<p>Dans un communiqu\u00e9, le minist\u00e8re indique avoir instaur\u00e9 des permanences au sein des \u00e9tablissements de sant\u00e9 dans les r\u00e9gions concern\u00e9es par la hausse des temp\u00e9ratures, en plus de la mobilisation des professionnels de la sant\u00e9, \u00e0 savoir les m\u00e9decins, infirmiers, et ambulanciers, outre la mise \u00e0 disposition des m\u00e9dicaments et du mat\u00e9riel hospitalier pour garantir les soins n\u00e9cessaires.<\/p>\n\n\n\n<p>Le minist\u00e8re appelle \u00e9galement les citoyens \u00e0 prendre les pr\u00e9cautions n\u00e9cessaires pour se pr\u00e9munir contre les risques sanitaires li\u00e9s \u00e0 la hausse des temp\u00e9ratures, notamment pour les cat\u00e9gories les plus vuln\u00e9rables, dont les enfants, les femmes enceintes, les personnes \u00e2g\u00e9es et celles souffrant de maladies chroniques. Le minist\u00e8re conseille une hydratation suffisante et r\u00e9guli\u00e8re pour \u00e9viter la d\u00e9shydratation, ainsi que l\u2019hydratation corporelle p\u00e9riodique \u00e0 l\u2019eau notamment au niveau du visage et des bras, tout en \u00e9vitant de sortir \u00e0 l\u2019ext\u00e9rieur entre 11h et 20h, p\u00e9riode de la journ\u00e9e marqu\u00e9e par une hausse excessive des temp\u00e9ratures. Le communiqu\u00e9 appelle \u00e9galement les citoyens \u00e0 rester au frais et \u00e9viter les activit\u00e9s physiques p\u00e9nibles, \u00e0 conserver la fra\u00eecheur des maisons en veillant \u00e0 fermer les fen\u00eatres durant la journ\u00e9e, \u00e0 les ouvrir le soir et \u00e0 consulter un m\u00e9decin en cas de probl\u00e8mes de sant\u00e9 ou suivre un traitement r\u00e9gulier.<\/p>\n\n\n\n<p>Les autorit\u00e9s m\u00e9dicales insistent enfin sur l\u2019importance de rester vigilant quant aux sympt\u00f4mes pouvant r\u00e9sulter de l\u2019exposition excessive au soleil, notamment la hausse de la temp\u00e9rature corporelle (fi\u00e8vre), une p\u00e2leur de la peau, des courbatures, une sensation de soif excessive ou perte de poids, les maux de t\u00eate et la naus\u00e9e, surtout lorsque ces sympt\u00f4mes entra\u00eenent l\u2019\u00e9vanouissement. \u00c0 l\u2019apparition d\u2019un de ces sympt\u00f4mes, le minist\u00e8re recommande de se rendre imm\u00e9diatement \u00e0 l\u2019\u00e9tablissement de sant\u00e9 le plus proche, tout en rappelant l\u2019importance de se conformer aux directives \u00e9mises pour la protection de la sant\u00e9 publique et garantir la s\u00e9curit\u00e9 de tous en p\u00e9riode de canicule. (Photo&nbsp;: 2M).<\/p>\n","protected":false},"excerpt":{"rendered":"<p>Le minist\u00e8re de la Sant\u00e9 et de la Protection sociale annonce une batterie de mesures d\u2019urgence pour rem\u00e9dier aux effets sur la sant\u00e9 de la vague de chaleur que conna\u00eet actuellement le Royaume, suite aux bulletins d\u2019alerte \u00e9mis par la Direction G\u00e9n\u00e9rale de la M\u00e9t\u00e9orologie, au sujet de la hausse des temp\u00e9ratures dans certaines r\u00e9gions &hellip;<\/p>\n","protected":false},"author":9,"featured_media":29793,"comment_status":"open","ping_status":"closed","sticky":false,"template":"","format":"standard","meta":{"footnotes":""},"categories":[1105],"tags":[],"class_list":["post-29792","post","type-post","status-publish","format-standard","has-post-thumbnail","hentry","category-canicule"],"_links":{"self":[{"href":"https:\/\/letempsmag.ma\/index.php?rest_route=\/wp\/v2\/posts\/29792","targetHints":{"allow":["GET"]}}],"collection":[{"href":"https:\/\/letempsmag.ma\/index.php?rest_route=\/wp\/v2\/posts"}],"about":[{"href":"https:\/\/letempsmag.ma\/index.php?rest_route=\/wp\/v2\/types\/post"}],"author":[{"embeddable":true,"href":"https:\/\/letempsmag.ma\/index.php?rest_route=\/wp\/v2\/users\/9"}],"replies":[{"embeddable":true,"href":"https:\/\/letempsmag.ma\/index.php?rest_route=%2Fwp%2Fv2%2Fcomments&post=29792"}],"version-history":[{"count":1,"href":"https:\/\/letempsmag.ma\/index.php?rest_route=\/wp\/v2\/posts\/29792\/revisions"}],"predecessor-version":[{"id":29794,"href":"https:\/\/letempsmag.ma\/index.php?rest_route=\/wp\/v2\/posts\/29792\/revisions\/29794"}],"wp:featuredmedia":[{"embeddable":true,"href":"https:\/\/letempsmag.ma\/index.php?rest_route=\/wp\/v2\/media\/29793"}],"wp:attachment":[{"href":"https:\/\/letempsmag.ma\/index.php?rest_route=%2Fwp%2Fv2%2Fmedia&parent=29792"}],"wp:term":[{"taxonomy":"category","embeddable":true,"href":"https:\/\/letempsmag.ma\/index.php?rest_route=%2Fwp%2Fv2%2Fcategories&post=29792"},{"taxonomy":"post_tag","embeddable":true,"href":"https:\/\/letempsmag.ma\/index.php?rest_route=%2Fwp%2Fv2%2Ftags&post=29792"}],"curies":[{"name":"wp","href":"https:\/\/api.w.org\/{rel}","templated":true}]}}