{"id":29789,"date":"2024-07-27T12:31:11","date_gmt":"2024-07-27T11:31:11","guid":{"rendered":"https:\/\/letempsmag.ma\/?p=29789"},"modified":"2024-07-27T12:31:12","modified_gmt":"2024-07-27T11:31:12","slug":"la-banque-centrale-populaire-soutient-lathlete-soufiane-el-bakkali","status":"publish","type":"post","link":"https:\/\/letempsmag.ma\/?p=29789","title":{"rendered":"La Banque Centrale Populaire soutient l\u2019athl\u00e8te Soufiane El Bakkali"},"content":{"rendered":"\n<p>Dans le droit fil de son engagement en faveur de la promotion des talents marocains, le groupe Banque Centrale Populaire reconduit son soutien \u00e0 l\u2019athl\u00e8te marocain Soufiane El Bakkali \u00e0 l&#8217;occasion de sa participation aux prochains Jeux Olympiques, qui se d\u00e9roulent actuellement \u00e0 Paris (26 juillet au 11 ao\u00fbt 2024).<\/p>\n\n\n\n<p>Parmi ses nombreuses cons\u00e9crations, Soufiane El Bakkali a notamment \u00e9t\u00e9 sacr\u00e9 champion olympique du 3.000 m steeple aux Jeux Olympiques de 2020 \u00e0 Tokyo. Il est \u00e9galement double champion du monde de la m\u00eame discipline, apr\u00e8s avoir triomph\u00e9 aux Championnats du Monde de 2022 \u00e0 Eugene (\u00c9tats-Unis) et de 2023 \u00e0 Budapest (Hongrie).<\/p>\n\n\n\n<p>Le groupe Banque Centrale Populaire accompagne depuis plus de trois ans Soufiane El Bakkali, un athl\u00e8te qui incarne parfaitement les valeurs de performance, de d\u00e9passement de soi et d\u2019excellence sportive. \u00abNous lui souhaitons plein succ\u00e8s et demeurons convaincus qu&#8217;il continuera \u00e0 porter haut les couleurs de notre pays sur la sc\u00e8ne internationale\u00bb, a soulign\u00e9 la banque \u00e0 l\u2019\u00c9talon dans un communiqu\u00e9.<\/p>\n\n\n\n<p>Le groupe Banque Centrale Populaire est l\u2019une des premi\u00e8res institutions financi\u00e8res du Maroc. Il tire sa force de ses valeurs de solidarit\u00e9 et de son organisation unique dans le Royaume. Il est, en effet, compos\u00e9 de 8 Banques Populaires R\u00e9gionales (BPR) \u00e0 vocation coop\u00e9rative, de la Banque Centrale Populaire (BCP), organe central du groupe de forme soci\u00e9t\u00e9 anonyme cot\u00e9e en Bourse, de filiales sp\u00e9cialis\u00e9es, de Fondations et de banques et repr\u00e9sentations \u00e0 l\u2019\u00e9tranger. Le groupe est pr\u00e9sent dans 32 pays dans le monde. (Photo&nbsp;: Getty Images).<\/p>\n","protected":false},"excerpt":{"rendered":"<p>Dans le droit fil de son engagement en faveur de la promotion des talents marocains, le groupe Banque Centrale Populaire reconduit son soutien \u00e0 l\u2019athl\u00e8te marocain Soufiane El Bakkali \u00e0 l&#8217;occasion de sa participation aux prochains Jeux Olympiques, qui se d\u00e9roulent actuellement \u00e0 Paris (26 juillet au 11 ao\u00fbt 2024). Parmi ses nombreuses cons\u00e9crations, Soufiane &hellip;<\/p>\n","protected":false},"author":9,"featured_media":29790,"comment_status":"open","ping_status":"closed","sticky":false,"template":"","format":"standard","meta":{"footnotes":""},"categories":[330],"tags":[],"class_list":["post-29789","post","type-post","status-publish","format-standard","has-post-thumbnail","hentry","category-jeux-olympiques"],"_links":{"self":[{"href":"https:\/\/letempsmag.ma\/index.php?rest_route=\/wp\/v2\/posts\/29789","targetHints":{"allow":["GET"]}}],"collection":[{"href":"https:\/\/letempsmag.ma\/index.php?rest_route=\/wp\/v2\/posts"}],"about":[{"href":"https:\/\/letempsmag.ma\/index.php?rest_route=\/wp\/v2\/types\/post"}],"author":[{"embeddable":true,"href":"https:\/\/letempsmag.ma\/index.php?rest_route=\/wp\/v2\/users\/9"}],"replies":[{"embeddable":true,"href":"https:\/\/letempsmag.ma\/index.php?rest_route=%2Fwp%2Fv2%2Fcomments&post=29789"}],"version-history":[{"count":1,"href":"https:\/\/letempsmag.ma\/index.php?rest_route=\/wp\/v2\/posts\/29789\/revisions"}],"predecessor-version":[{"id":29791,"href":"https:\/\/letempsmag.ma\/index.php?rest_route=\/wp\/v2\/posts\/29789\/revisions\/29791"}],"wp:featuredmedia":[{"embeddable":true,"href":"https:\/\/letempsmag.ma\/index.php?rest_route=\/wp\/v2\/media\/29790"}],"wp:attachment":[{"href":"https:\/\/letempsmag.ma\/index.php?rest_route=%2Fwp%2Fv2%2Fmedia&parent=29789"}],"wp:term":[{"taxonomy":"category","embeddable":true,"href":"https:\/\/letempsmag.ma\/index.php?rest_route=%2Fwp%2Fv2%2Fcategories&post=29789"},{"taxonomy":"post_tag","embeddable":true,"href":"https:\/\/letempsmag.ma\/index.php?rest_route=%2Fwp%2Fv2%2Ftags&post=29789"}],"curies":[{"name":"wp","href":"https:\/\/api.w.org\/{rel}","templated":true}]}}