{"id":29786,"date":"2024-07-27T12:30:00","date_gmt":"2024-07-27T11:30:00","guid":{"rendered":"https:\/\/letempsmag.ma\/?p=29786"},"modified":"2024-07-27T12:30:01","modified_gmt":"2024-07-27T11:30:01","slug":"cooperatives-8-du-pib-et-50-000-emplois-par-an-dici-a-2035","status":"publish","type":"post","link":"https:\/\/letempsmag.ma\/?p=29786","title":{"rendered":"Coop\u00e9ratives\u00a0: 8% du PIB et 50.000 emplois par an d\u2019ici \u00e0 2035"},"content":{"rendered":"\n<p>L&#8217;Office du D\u00e9veloppement de la Coop\u00e9ration (ODCO) a tenu son Conseil d&#8217;administration jeudi dernier, sous la pr\u00e9sidence de Fatim-Zahra Ammor, Ministre du Tourisme, de l&#8217;Artisanat et de l&#8217;\u00c9conomie sociale et solidaire.<\/p>\n\n\n\n<p>Soulignant la croissance remarquable du secteur coop\u00e9ratif, qui est pass\u00e9 \u00e0 60.000 coop\u00e9ratives en 2023 (dont 7.730 enti\u00e8rement f\u00e9minines), la Ministre a mis en avant l&#8217;impact positif des programmes majeurs tels que l&#8217;Initiative Nationale pour le D\u00e9veloppement Humain (INDH), ainsi que ceux men\u00e9s par le minist\u00e8re et l\u2019ODCO, pour le soutien financier et technique des coop\u00e9ratives. L&#8217;ann\u00e9e 2023 a ainsi vu la cr\u00e9ation de pr\u00e8s de 5.000 coop\u00e9ratives et une augmentation significative de la participation des femmes, qui repr\u00e9sentent d\u00e9sormais 32% des adh\u00e9rents.<\/p>\n\n\n\n<p>\u00abLe mod\u00e8le coop\u00e9ratif continue de d\u00e9montrer son potentiel dans la cr\u00e9ation d\u2019emplois, surtout pour les jeunes et les femmes. La vision du gouvernement pour l&#8217;\u00e9conomie sociale et solidaire est ambitieuse&nbsp;: nous visons une contribution de 8% au PIB et la cr\u00e9ation de 50.000 emplois par an \u00e0 l\u2019horizon 2035. La loi-cadre en pr\u00e9paration nous permettra de concr\u00e9tiser nos objectifs\u00bb, assure la Ministre de tutelle.<\/p>\n\n\n\n<p>Fatim-Zahra Ammor a \u00e9galement \u00e9voqu\u00e9 la proclamation de 2025 ann\u00e9e internationale des coop\u00e9ratives par le Comit\u00e9 des Nations-Unies pour la Promotion et le Progr\u00e8s des Coop\u00e9ratives (COPAC), invitant tous les acteurs du secteur \u00e0 participer activement \u00e0 cette initiative d&#8217;envergure.<\/p>\n\n\n\n<p>Pour sa part, A\u00efcha Errifaai, Directrice G\u00e9n\u00e9rale de l&#8217;ODCO, a pr\u00e9sent\u00e9 le bilan des r\u00e9alisations de l&#8217;Office pour le premier semestre 2024, ainsi que les perspectives pour le reste de l&#8217;ann\u00e9e. Elle a notamment mis en avant une restructuration organisationnelle pour s&#8217;aligner sur la vision ambitieuse pour le secteur, ainsi que le d\u00e9ploiement d&#8217;un plan d&#8217;action plus inclusif r\u00e9pondant aux besoins sp\u00e9cifiques des coop\u00e9ratives locales.<\/p>\n","protected":false},"excerpt":{"rendered":"<p>L&#8217;Office du D\u00e9veloppement de la Coop\u00e9ration (ODCO) a tenu son Conseil d&#8217;administration jeudi dernier, sous la pr\u00e9sidence de Fatim-Zahra Ammor, Ministre du Tourisme, de l&#8217;Artisanat et de l&#8217;\u00c9conomie sociale et solidaire. Soulignant la croissance remarquable du secteur coop\u00e9ratif, qui est pass\u00e9 \u00e0 60.000 coop\u00e9ratives en 2023 (dont 7.730 enti\u00e8rement f\u00e9minines), la Ministre a mis en &hellip;<\/p>\n","protected":false},"author":9,"featured_media":29787,"comment_status":"open","ping_status":"closed","sticky":false,"template":"","format":"standard","meta":{"footnotes":""},"categories":[564],"tags":[],"class_list":["post-29786","post","type-post","status-publish","format-standard","has-post-thumbnail","hentry","category-economie-sociale"],"_links":{"self":[{"href":"https:\/\/letempsmag.ma\/index.php?rest_route=\/wp\/v2\/posts\/29786","targetHints":{"allow":["GET"]}}],"collection":[{"href":"https:\/\/letempsmag.ma\/index.php?rest_route=\/wp\/v2\/posts"}],"about":[{"href":"https:\/\/letempsmag.ma\/index.php?rest_route=\/wp\/v2\/types\/post"}],"author":[{"embeddable":true,"href":"https:\/\/letempsmag.ma\/index.php?rest_route=\/wp\/v2\/users\/9"}],"replies":[{"embeddable":true,"href":"https:\/\/letempsmag.ma\/index.php?rest_route=%2Fwp%2Fv2%2Fcomments&post=29786"}],"version-history":[{"count":1,"href":"https:\/\/letempsmag.ma\/index.php?rest_route=\/wp\/v2\/posts\/29786\/revisions"}],"predecessor-version":[{"id":29788,"href":"https:\/\/letempsmag.ma\/index.php?rest_route=\/wp\/v2\/posts\/29786\/revisions\/29788"}],"wp:featuredmedia":[{"embeddable":true,"href":"https:\/\/letempsmag.ma\/index.php?rest_route=\/wp\/v2\/media\/29787"}],"wp:attachment":[{"href":"https:\/\/letempsmag.ma\/index.php?rest_route=%2Fwp%2Fv2%2Fmedia&parent=29786"}],"wp:term":[{"taxonomy":"category","embeddable":true,"href":"https:\/\/letempsmag.ma\/index.php?rest_route=%2Fwp%2Fv2%2Fcategories&post=29786"},{"taxonomy":"post_tag","embeddable":true,"href":"https:\/\/letempsmag.ma\/index.php?rest_route=%2Fwp%2Fv2%2Ftags&post=29786"}],"curies":[{"name":"wp","href":"https:\/\/api.w.org\/{rel}","templated":true}]}}