{"id":29780,"date":"2024-07-26T12:38:47","date_gmt":"2024-07-26T11:38:47","guid":{"rendered":"https:\/\/letempsmag.ma\/?p=29780"},"modified":"2024-07-26T12:38:48","modified_gmt":"2024-07-26T11:38:48","slug":"les-far-organisent-le-1er-festival-international-de-la-musique-militaire","status":"publish","type":"post","link":"https:\/\/letempsmag.ma\/?p=29780","title":{"rendered":"Les FAR organisent le 1er Festival International de la Musique Militaire"},"content":{"rendered":"\n<p>C\u2019est une premi\u00e8re au Maroc. Les Forces Arm\u00e9es Royales organisent, \u00e0 partir d\u2019aujourd\u2019hui, vendredi 26 jusqu\u2019au 30 juillet, le 1er Festival International de la Musique Militaire. C\u2019est ce qu\u2019annonce l\u2019\u00c9tat-Major G\u00e9n\u00e9ral des Forces Arm\u00e9es Royales. Cet \u00e9v\u00e9nement majeur, pr\u00e9vu au niveau des principales places des villes de Rabat, Sal\u00e9, T\u00e9mara, T\u00e9touan et M\u2019diq, se tient \u00e0 l\u2019occasion de la comm\u00e9moration du 25<sup>\u00e8me<\/sup> anniversaire de l\u2019accession de S.M. le Roi Mohammed VI, Chef Supr\u00eame et Chef d\u2019\u00c9tat-Major G\u00e9n\u00e9ral des Forces Arm\u00e9es Royales, au Tr\u00f4ne de ses glorieux Anc\u00eatres.<\/p>\n\n\n\n<p>Sept troupes de Musiques Nationales, relevant des diff\u00e9rentes composantes des Forces Arm\u00e9es Royales, de la Garde Royale, de la Gendarmerie Royale, de la Direction G\u00e9n\u00e9rale de la S\u00fbret\u00e9 Nationale et des Forces Auxiliaires, offriront un spectacle in\u00e9dit.<\/p>\n\n\n\n<p>Le Festival se veut l\u2019occasion de mettre en lumi\u00e8re la richesse et la diversit\u00e9 des traditions musicales militaires des pays \u00e9trangers. Il verra la participation de six autres pays&nbsp;: Arabie Saoudite, C\u00f4te d\u2019Ivoire, \u00c9mirats Arabes Unis, Espagne, \u00c9tats-Unis et S\u00e9n\u00e9gal. La c\u00e9r\u00e9monie d\u2019ouverture a lieu aujourd\u2019hui \u00e0 Rabat \u00e0 la Place Al Barid.<\/p>\n","protected":false},"excerpt":{"rendered":"<p>C\u2019est une premi\u00e8re au Maroc. Les Forces Arm\u00e9es Royales organisent, \u00e0 partir d\u2019aujourd\u2019hui, vendredi 26 jusqu\u2019au 30 juillet, le 1er Festival International de la Musique Militaire. C\u2019est ce qu\u2019annonce l\u2019\u00c9tat-Major G\u00e9n\u00e9ral des Forces Arm\u00e9es Royales. Cet \u00e9v\u00e9nement majeur, pr\u00e9vu au niveau des principales places des villes de Rabat, Sal\u00e9, T\u00e9mara, T\u00e9touan et M\u2019diq, se tient &hellip;<\/p>\n","protected":false},"author":9,"featured_media":29781,"comment_status":"open","ping_status":"closed","sticky":false,"template":"","format":"standard","meta":{"footnotes":""},"categories":[326],"tags":[],"class_list":["post-29780","post","type-post","status-publish","format-standard","has-post-thumbnail","hentry","category-fete-du-trone"],"_links":{"self":[{"href":"https:\/\/letempsmag.ma\/index.php?rest_route=\/wp\/v2\/posts\/29780","targetHints":{"allow":["GET"]}}],"collection":[{"href":"https:\/\/letempsmag.ma\/index.php?rest_route=\/wp\/v2\/posts"}],"about":[{"href":"https:\/\/letempsmag.ma\/index.php?rest_route=\/wp\/v2\/types\/post"}],"author":[{"embeddable":true,"href":"https:\/\/letempsmag.ma\/index.php?rest_route=\/wp\/v2\/users\/9"}],"replies":[{"embeddable":true,"href":"https:\/\/letempsmag.ma\/index.php?rest_route=%2Fwp%2Fv2%2Fcomments&post=29780"}],"version-history":[{"count":1,"href":"https:\/\/letempsmag.ma\/index.php?rest_route=\/wp\/v2\/posts\/29780\/revisions"}],"predecessor-version":[{"id":29782,"href":"https:\/\/letempsmag.ma\/index.php?rest_route=\/wp\/v2\/posts\/29780\/revisions\/29782"}],"wp:featuredmedia":[{"embeddable":true,"href":"https:\/\/letempsmag.ma\/index.php?rest_route=\/wp\/v2\/media\/29781"}],"wp:attachment":[{"href":"https:\/\/letempsmag.ma\/index.php?rest_route=%2Fwp%2Fv2%2Fmedia&parent=29780"}],"wp:term":[{"taxonomy":"category","embeddable":true,"href":"https:\/\/letempsmag.ma\/index.php?rest_route=%2Fwp%2Fv2%2Fcategories&post=29780"},{"taxonomy":"post_tag","embeddable":true,"href":"https:\/\/letempsmag.ma\/index.php?rest_route=%2Fwp%2Fv2%2Ftags&post=29780"}],"curies":[{"name":"wp","href":"https:\/\/api.w.org\/{rel}","templated":true}]}}