{"id":29777,"date":"2024-07-26T12:37:45","date_gmt":"2024-07-26T11:37:45","guid":{"rendered":"https:\/\/letempsmag.ma\/?p=29777"},"modified":"2024-07-26T12:37:46","modified_gmt":"2024-07-26T11:37:46","slug":"accord-pour-une-administration-judiciaire-electronique-integree","status":"publish","type":"post","link":"https:\/\/letempsmag.ma\/?p=29777","title":{"rendered":"Accord pour une Administration judiciaire \u00e9lectronique int\u00e9gr\u00e9e"},"content":{"rendered":"\n<p>Le minist\u00e8re de la Justice et la Direction G\u00e9n\u00e9rale de la S\u00fbret\u00e9 Nationale (DGSN) ont sign\u00e9, mercredi dernier \u00e0 Rabat, un protocole d\u2019accord visant \u00e0 r\u00e9guler et faciliter la coop\u00e9ration en mati\u00e8re d\u2019\u00e9change de donn\u00e9es \u00e9lectroniques, un pas important vers le renforcement de la coop\u00e9ration et du partenariat pour la mise en place d\u2019une administration judiciaire \u00e9lectronique int\u00e9gr\u00e9e, permettant un acc\u00e8s conjoint \u00e0 l\u2019information entre les deux parties.<\/p>\n\n\n\n<p>Le protocole d\u2019accord a \u00e9t\u00e9 sign\u00e9 par Samia Chakri, Directrice de la Modernisation et des Syst\u00e8mes d\u2019Information au minist\u00e8re de la Justice, et Lahcen Rhanim, Directeur du Syst\u00e8me d\u2019Information et de Communication \u00e0 la DGSN, lors d\u2019une c\u00e9r\u00e9monie pr\u00e9sid\u00e9e par le Ministre de la Justice, Abdellatif Ouahbi.<\/p>\n\n\n\n<p>Ce protocole permet de v\u00e9rifier et de compl\u00e9ter les donn\u00e9es d\u2019identification des citoyens sur la base des donn\u00e9es contenues dans la Carte Nationale d\u2019Identit\u00e9 \u00c9lectronique, afin de faciliter le traitement des affaires devant les tribunaux \u00e0 travers le Royaume.<\/p>\n\n\n\n<p>Selon un communiqu\u00e9 conjoint du minist\u00e8re de la Justice et de la DGSN, l\u2019accord fixe les r\u00e8gles et les canaux d\u2019\u00e9change et d\u2019utilisation de ces donn\u00e9es, conform\u00e9ment \u00e0 des normes minutieuses li\u00e9es \u00e0 la s\u00e9curit\u00e9 physique et num\u00e9rique des donn\u00e9es dans le plein respect des lois et r\u00e8glements en vigueur, y compris la protection des donn\u00e9es personnelles des citoyens. (Photo&nbsp;: hibapress).<\/p>\n","protected":false},"excerpt":{"rendered":"<p>Le minist\u00e8re de la Justice et la Direction G\u00e9n\u00e9rale de la S\u00fbret\u00e9 Nationale (DGSN) ont sign\u00e9, mercredi dernier \u00e0 Rabat, un protocole d\u2019accord visant \u00e0 r\u00e9guler et faciliter la coop\u00e9ration en mati\u00e8re d\u2019\u00e9change de donn\u00e9es \u00e9lectroniques, un pas important vers le renforcement de la coop\u00e9ration et du partenariat pour la mise en place d\u2019une administration &hellip;<\/p>\n","protected":false},"author":9,"featured_media":29778,"comment_status":"open","ping_status":"closed","sticky":false,"template":"","format":"standard","meta":{"footnotes":""},"categories":[1330],"tags":[],"class_list":["post-29777","post","type-post","status-publish","format-standard","has-post-thumbnail","hentry","category-systemes-dinformation"],"_links":{"self":[{"href":"https:\/\/letempsmag.ma\/index.php?rest_route=\/wp\/v2\/posts\/29777","targetHints":{"allow":["GET"]}}],"collection":[{"href":"https:\/\/letempsmag.ma\/index.php?rest_route=\/wp\/v2\/posts"}],"about":[{"href":"https:\/\/letempsmag.ma\/index.php?rest_route=\/wp\/v2\/types\/post"}],"author":[{"embeddable":true,"href":"https:\/\/letempsmag.ma\/index.php?rest_route=\/wp\/v2\/users\/9"}],"replies":[{"embeddable":true,"href":"https:\/\/letempsmag.ma\/index.php?rest_route=%2Fwp%2Fv2%2Fcomments&post=29777"}],"version-history":[{"count":1,"href":"https:\/\/letempsmag.ma\/index.php?rest_route=\/wp\/v2\/posts\/29777\/revisions"}],"predecessor-version":[{"id":29779,"href":"https:\/\/letempsmag.ma\/index.php?rest_route=\/wp\/v2\/posts\/29777\/revisions\/29779"}],"wp:featuredmedia":[{"embeddable":true,"href":"https:\/\/letempsmag.ma\/index.php?rest_route=\/wp\/v2\/media\/29778"}],"wp:attachment":[{"href":"https:\/\/letempsmag.ma\/index.php?rest_route=%2Fwp%2Fv2%2Fmedia&parent=29777"}],"wp:term":[{"taxonomy":"category","embeddable":true,"href":"https:\/\/letempsmag.ma\/index.php?rest_route=%2Fwp%2Fv2%2Fcategories&post=29777"},{"taxonomy":"post_tag","embeddable":true,"href":"https:\/\/letempsmag.ma\/index.php?rest_route=%2Fwp%2Fv2%2Ftags&post=29777"}],"curies":[{"name":"wp","href":"https:\/\/api.w.org\/{rel}","templated":true}]}}