{"id":29759,"date":"2024-07-26T12:31:36","date_gmt":"2024-07-26T11:31:36","guid":{"rendered":"https:\/\/letempsmag.ma\/?p=29759"},"modified":"2024-07-26T12:31:37","modified_gmt":"2024-07-26T11:31:37","slug":"une-soiree-maghribiate-au-theatre-meydene-pour-celebrer-la-chanson-marocaine","status":"publish","type":"post","link":"https:\/\/letempsmag.ma\/?p=29759","title":{"rendered":"Une soir\u00e9e \u00abMaghribiate\u00bb au Th\u00e9\u00e2tre Meydene pour c\u00e9l\u00e9brer la chanson marocaine"},"content":{"rendered":"\n<p>En partenariat avec le th\u00e9\u00e2tre Meydene, \u00e0 M Avenue, l&#8217;Association Marrakech Tarab, annonce la premi\u00e8re soir\u00e9e de la s\u00e9rie \u00abMaghribiate\u00bb, d\u00e9di\u00e9e \u00e0 honorer les pionniers de la chanson marocaine. La soir\u00e9e se tiendra le samedi 3 ao\u00fbt \u00e0 20h, mettant en lumi\u00e8re les r\u00e9pertoires des l\u00e9gendaires artistes Houcine Slaoui, Brahim El Alami et Mahmoud El Idrissi, dont les \u0153uvres intemporelles continuent d&#8217;enrichir le patrimoine musical marocain.<\/p>\n\n\n\n<p>Cette belle c\u00e9l\u00e9bration sera anim\u00e9e par les talentueux chanteurs Abdelali Anouar et Ayoub Tijani, qui interpr\u00e9teront des classiques inoubliables, accompagn\u00e9s de l&#8217;orchestre dirig\u00e9 par le maestro Hicham Telmoudi. La soir\u00e9e rendra hommage \u00e0 des voix et des compositions qui ont marqu\u00e9 l&#8217;histoire de la musique marocaine.<\/p>\n\n\n\n<p>Les inconditionnels et les nostalgiques du patrimoine musical ne manqueront assur\u00e9ment pas cette occasion unique de c\u00e9l\u00e9brer et de revivre les moments glorieux de la chanson marocaine avec deux artistes contemporains exceptionnels et un orchestre d&#8217;\u00e9lite. Les billets sont disponibles \u00e0 la vente directement au th\u00e9\u00e2tre Meydene ou en ligne sur le site \u00abwww.guichet.com\u00bb aux tarifs suivants&nbsp;: 300 DH Carr\u00e9 Or et 200 DH Carr\u00e9 Confort.<\/p>\n","protected":false},"excerpt":{"rendered":"<p>En partenariat avec le th\u00e9\u00e2tre Meydene, \u00e0 M Avenue, l&#8217;Association Marrakech Tarab, annonce la premi\u00e8re soir\u00e9e de la s\u00e9rie \u00abMaghribiate\u00bb, d\u00e9di\u00e9e \u00e0 honorer les pionniers de la chanson marocaine. La soir\u00e9e se tiendra le samedi 3 ao\u00fbt \u00e0 20h, mettant en lumi\u00e8re les r\u00e9pertoires des l\u00e9gendaires artistes Houcine Slaoui, Brahim El Alami et Mahmoud El &hellip;<\/p>\n","protected":false},"author":9,"featured_media":29760,"comment_status":"open","ping_status":"closed","sticky":false,"template":"","format":"standard","meta":{"footnotes":""},"categories":[332],"tags":[],"class_list":["post-29759","post","type-post","status-publish","format-standard","has-post-thumbnail","hentry","category-musique"],"_links":{"self":[{"href":"https:\/\/letempsmag.ma\/index.php?rest_route=\/wp\/v2\/posts\/29759","targetHints":{"allow":["GET"]}}],"collection":[{"href":"https:\/\/letempsmag.ma\/index.php?rest_route=\/wp\/v2\/posts"}],"about":[{"href":"https:\/\/letempsmag.ma\/index.php?rest_route=\/wp\/v2\/types\/post"}],"author":[{"embeddable":true,"href":"https:\/\/letempsmag.ma\/index.php?rest_route=\/wp\/v2\/users\/9"}],"replies":[{"embeddable":true,"href":"https:\/\/letempsmag.ma\/index.php?rest_route=%2Fwp%2Fv2%2Fcomments&post=29759"}],"version-history":[{"count":1,"href":"https:\/\/letempsmag.ma\/index.php?rest_route=\/wp\/v2\/posts\/29759\/revisions"}],"predecessor-version":[{"id":29761,"href":"https:\/\/letempsmag.ma\/index.php?rest_route=\/wp\/v2\/posts\/29759\/revisions\/29761"}],"wp:featuredmedia":[{"embeddable":true,"href":"https:\/\/letempsmag.ma\/index.php?rest_route=\/wp\/v2\/media\/29760"}],"wp:attachment":[{"href":"https:\/\/letempsmag.ma\/index.php?rest_route=%2Fwp%2Fv2%2Fmedia&parent=29759"}],"wp:term":[{"taxonomy":"category","embeddable":true,"href":"https:\/\/letempsmag.ma\/index.php?rest_route=%2Fwp%2Fv2%2Fcategories&post=29759"},{"taxonomy":"post_tag","embeddable":true,"href":"https:\/\/letempsmag.ma\/index.php?rest_route=%2Fwp%2Fv2%2Ftags&post=29759"}],"curies":[{"name":"wp","href":"https:\/\/api.w.org\/{rel}","templated":true}]}}