{"id":29753,"date":"2024-07-25T12:50:10","date_gmt":"2024-07-25T11:50:10","guid":{"rendered":"https:\/\/letempsmag.ma\/?p=29753"},"modified":"2024-07-25T12:50:11","modified_gmt":"2024-07-25T11:50:11","slug":"bilan-remarquable-pour-lancfcc-avec-un-chiffre-daffaires-de-847-milliards-de-dh","status":"publish","type":"post","link":"https:\/\/letempsmag.ma\/?p=29753","title":{"rendered":"Bilan remarquable pour l\u2019ANCFCC avec un chiffre d\u2019affaires de 8,47 milliards de DH"},"content":{"rendered":"\n<p>L\u2019Agence Nationale de la Conservation Fonci\u00e8re, du Cadastre et de la Cartographie (ANCFCC) a tenu hier \u00e0 Rabat son Conseil d\u2019administration, sous la pr\u00e9sidence de Mohammed Sadiki, Ministre de l\u2019Agriculture, de la P\u00eache maritime, du D\u00e9veloppement rural et des Eaux et for\u00eats.<\/p>\n\n\n\n<p>Le Pr\u00e9sident du Conseil a salu\u00e9 les r\u00e9alisations remarquables de l\u2019Agence en termes de production des titres fonciers, d\u2019\u00e9tablissement des plans cadastraux et en termes de recettes r\u00e9alis\u00e9es au cours de l\u2019ann\u00e9e 2023 ainsi que les r\u00e9sultats significatifs enregistr\u00e9s, notamment dans le domaine de l\u2019immatriculation fonci\u00e8re d\u2019ensemble qui illustrent l\u2019impact socio\u00e9conomique positif de l\u2019agence sur le d\u00e9veloppement rural et particuli\u00e8rement au profit des petits agriculteurs, indique un communiqu\u00e9 de l\u2019ANCFCC.<\/p>\n\n\n\n<p>De son c\u00f4t\u00e9, le Directeur G\u00e9n\u00e9ral de l\u2019ANCFCC, Karim Tajmouati, a pr\u00e9sent\u00e9 les points inscrits \u00e0 l\u2019ordre du jour, en mettant en avant les principaux indicateurs de l\u2019exercice 2023, \u00e0 savoir l\u2019\u00e9tablissement de 462.509 titres Fonciers, dont 193.315 issus de l\u2019immatriculation fonci\u00e8re d\u2019ensemble en milieu rural, soit une hausse de 2,4% par rapport \u00e0 l\u2019ann\u00e9e 2022, la couverture par l\u2019immatriculation fonci\u00e8re d\u2019une surface de 1.109.234 hectares, la r\u00e9alisation d\u2019un chiffre d\u2019affaires de 8,47 milliards de DH, le versement de 5 milliards de DH au profit de l\u2019\u00c9tat et la r\u00e9alisation d\u2019un b\u00e9n\u00e9fice net comptable hors amortissement de 1,67 milliards de DH.<\/p>\n\n\n\n<p>Le Directeur G\u00e9n\u00e9ral a \u00e9galement pr\u00e9sent\u00e9 les comptes de l\u2019ANCFCC au titre de l\u2019exercice 2023 ainsi que l\u2019\u00e9tat d\u2019avancement des principaux projets structurants, notamment la poursuite du processus de digitalisation, le renforcement de la cybers\u00e9curit\u00e9, la mise en place du sch\u00e9ma directeur des syst\u00e8mes d\u2019information ainsi que la modernisation de la cha\u00eene de production des cartes topographiques de base et des r\u00e9seaux g\u00e9od\u00e9siques par l\u2019introduction de nouvelles technologies de pointe.<\/p>\n\n\n\n<p>\u00c0 l\u2019issue des d\u00e9bats, le Conseil a arr\u00eat\u00e9 les comptes de l\u2019Agence au titre de l\u2019exercice 2023 et a approuv\u00e9 toutes les r\u00e9solutions propos\u00e9es par l\u2019Agence, fait savoir le communiqu\u00e9. Mohamed Sadiki et les membres du Conseil d\u2019administration ont salu\u00e9 les performances remarquables de l\u2019Agence et ont f\u00e9licit\u00e9 tous les responsables et l\u2019ensemble du personnel au niveau central et ext\u00e9rieur, pour les engagements ayant permis d\u2019atteindre les r\u00e9sultats positifs enregistr\u00e9s.<\/p>\n\n\n\n<p>Pr\u00e9cisons que cette r\u00e9union a vu la pr\u00e9sence du Ministre d\u00e9l\u00e9gu\u00e9 aupr\u00e8s du Chef de Gouvernement, charg\u00e9 de l\u2019Administration de la D\u00e9fense nationale, Abdeltif Loudyi, ainsi que les repr\u00e9sentants d\u2019autres D\u00e9partements minist\u00e9riels, membres du Conseil d\u2019administration.<\/p>\n","protected":false},"excerpt":{"rendered":"<p>L\u2019Agence Nationale de la Conservation Fonci\u00e8re, du Cadastre et de la Cartographie (ANCFCC) a tenu hier \u00e0 Rabat son Conseil d\u2019administration, sous la pr\u00e9sidence de Mohammed Sadiki, Ministre de l\u2019Agriculture, de la P\u00eache maritime, du D\u00e9veloppement rural et des Eaux et for\u00eats. Le Pr\u00e9sident du Conseil a salu\u00e9 les r\u00e9alisations remarquables de l\u2019Agence en termes &hellip;<\/p>\n","protected":false},"author":9,"featured_media":29754,"comment_status":"open","ping_status":"closed","sticky":false,"template":"","format":"standard","meta":{"footnotes":""},"categories":[616],"tags":[],"class_list":["post-29753","post","type-post","status-publish","format-standard","has-post-thumbnail","hentry","category-resultats-annuels"],"_links":{"self":[{"href":"https:\/\/letempsmag.ma\/index.php?rest_route=\/wp\/v2\/posts\/29753","targetHints":{"allow":["GET"]}}],"collection":[{"href":"https:\/\/letempsmag.ma\/index.php?rest_route=\/wp\/v2\/posts"}],"about":[{"href":"https:\/\/letempsmag.ma\/index.php?rest_route=\/wp\/v2\/types\/post"}],"author":[{"embeddable":true,"href":"https:\/\/letempsmag.ma\/index.php?rest_route=\/wp\/v2\/users\/9"}],"replies":[{"embeddable":true,"href":"https:\/\/letempsmag.ma\/index.php?rest_route=%2Fwp%2Fv2%2Fcomments&post=29753"}],"version-history":[{"count":1,"href":"https:\/\/letempsmag.ma\/index.php?rest_route=\/wp\/v2\/posts\/29753\/revisions"}],"predecessor-version":[{"id":29755,"href":"https:\/\/letempsmag.ma\/index.php?rest_route=\/wp\/v2\/posts\/29753\/revisions\/29755"}],"wp:featuredmedia":[{"embeddable":true,"href":"https:\/\/letempsmag.ma\/index.php?rest_route=\/wp\/v2\/media\/29754"}],"wp:attachment":[{"href":"https:\/\/letempsmag.ma\/index.php?rest_route=%2Fwp%2Fv2%2Fmedia&parent=29753"}],"wp:term":[{"taxonomy":"category","embeddable":true,"href":"https:\/\/letempsmag.ma\/index.php?rest_route=%2Fwp%2Fv2%2Fcategories&post=29753"},{"taxonomy":"post_tag","embeddable":true,"href":"https:\/\/letempsmag.ma\/index.php?rest_route=%2Fwp%2Fv2%2Ftags&post=29753"}],"curies":[{"name":"wp","href":"https:\/\/api.w.org\/{rel}","templated":true}]}}