{"id":29684,"date":"2024-07-22T11:00:18","date_gmt":"2024-07-22T10:00:18","guid":{"rendered":"https:\/\/letempsmag.ma\/?p=29684"},"modified":"2024-07-22T11:00:42","modified_gmt":"2024-07-22T10:00:42","slug":"foundever-maroc-decroche-les-labels-feel-good-et-krunchy","status":"publish","type":"post","link":"https:\/\/letempsmag.ma\/?p=29684","title":{"rendered":"Foundever Maroc d\u00e9croche les labels \u00abFeel Good\u00bb et \u00abKrunchy\u00bb"},"content":{"rendered":"\n<p>Foundever, leader mondial dans le secteur de la relation client, a obtenu les prestigieux labels \u00abFeel Good\u00bb et \u00abKrunchy\u00bb d\u00e9cern\u00e9s par le cabinet Rekrute lors de la c\u00e9r\u00e9monie \u00abMarque Employeur 2024\u00bb. Ces distinctions honorent les entreprises qui se d\u00e9marquent par leurs initiatives en faveur du bien-\u00eatre des employ\u00e9s et leur attractivit\u00e9 sur le march\u00e9 national.<\/p>\n\n\n\n<p>Reda Nejjar, patron de FoundeverMaroc, a d\u00e9clar\u00e9&nbsp;: \u00abNous sommes extr\u00eamement honor\u00e9s de recevoir ces deux labels de la part de Rekrute. Chez Foundever, nous croyons fermement que le succ\u00e8s de notre entreprise repose sur le bien-\u00eatre et la satisfaction de nos collaborateurs. Nous continuerons \u00e0 investir dans des initiatives qui favorisent un environnement de travail positif et stimulant, tout en attirant et en retenant les meilleurs talents. Ces labels sont une reconnaissance des efforts de tous nos collaborateurs et de notre engagement \u00e0 cr\u00e9er une culture d&#8217;entreprise inclusive et dynamique\u00bb.<\/p>\n\n\n\n<p>Le label \u00abFeel Good\u00bb r\u00e9compense les entreprises qui excellent dans leurs actions pour le bien-\u00eatre des collaborateurs. Foundever a mis en place diverses initiatives pour cr\u00e9er un environnement de travail sain et stimulant. Parmi celles-ci, on retrouve des programmes de bien-\u00eatre, des espaces de travail ergonomiques, et des activit\u00e9s de team-building r\u00e9guli\u00e8res. Des s\u00e9ances de fitness, des ateliers de gestion du stress et des initiatives de sant\u00e9 mentale sont r\u00e9guli\u00e8rement organis\u00e9s pour soutenir le bien-\u00eatre physique et psychologique des employ\u00e9s. De plus, des espaces de travail modernes ont \u00e9t\u00e9 am\u00e9nag\u00e9s pour garantir un confort optimal et une productivit\u00e9 accrue. L&#8217;organisation d&#8217;\u00e9v\u00e9nements et d&#8217;activit\u00e9s vise \u00e9galement \u00e0 renforcer la coh\u00e9sion d\u2019\u00e9quipe et \u00e0 cr\u00e9er un esprit de camaraderie parmi les collaborateurs. Ces efforts visent \u00e0 assurer que chaque collaborateur se sente valoris\u00e9 et motiv\u00e9, contribuant ainsi \u00e0 une culture d\u2019entreprise positive et dynamique.<\/p>\n\n\n\n<p>Quant au label \u00abKrunchy\u00bb, il souligne l\u2019attractivit\u00e9 de Foundever sur le march\u00e9 du travail. Gr\u00e2ce \u00e0 sa r\u00e9putation d\u2019employeur de choix et ses conditions de travail comp\u00e9titives, Foundever attire et retient des talents exceptionnels. Les politiques de l&#8217;entreprise en mati\u00e8re de d\u00e9veloppement professionnel, de reconnaissance des performances et de mobilit\u00e9 interne sont des facteurs-cl\u00e9s de son succ\u00e8s. Foundever offre de nombreuses opportunit\u00e9s de formation continue et de d\u00e9veloppement des comp\u00e9tences, permettant aux employ\u00e9s d&#8217;\u00e9voluer et de progresser dans leur carri\u00e8re. Des programmes de reconnaissance et de r\u00e9compense sont mis en place pour valoriser les contributions exceptionnelles des collaborateurs. L\u2019entreprise encourage et facilite la mobilit\u00e9 interne, permettant aux employ\u00e9s de d\u00e9couvrir diff\u00e9rents r\u00f4les et de diversifier leurs comp\u00e9tences au sein de l\u2019organisation.<\/p>\n","protected":false},"excerpt":{"rendered":"<p>Foundever, leader mondial dans le secteur de la relation client, a obtenu les prestigieux labels \u00abFeel Good\u00bb et \u00abKrunchy\u00bb d\u00e9cern\u00e9s par le cabinet Rekrute lors de la c\u00e9r\u00e9monie \u00abMarque Employeur 2024\u00bb. Ces distinctions honorent les entreprises qui se d\u00e9marquent par leurs initiatives en faveur du bien-\u00eatre des employ\u00e9s et leur attractivit\u00e9 sur le march\u00e9 national. &hellip;<\/p>\n","protected":false},"author":9,"featured_media":29685,"comment_status":"open","ping_status":"closed","sticky":false,"template":"","format":"standard","meta":{"footnotes":""},"categories":[271],"tags":[],"class_list":["post-29684","post","type-post","status-publish","format-standard","has-post-thumbnail","hentry","category-relation-client"],"_links":{"self":[{"href":"https:\/\/letempsmag.ma\/index.php?rest_route=\/wp\/v2\/posts\/29684","targetHints":{"allow":["GET"]}}],"collection":[{"href":"https:\/\/letempsmag.ma\/index.php?rest_route=\/wp\/v2\/posts"}],"about":[{"href":"https:\/\/letempsmag.ma\/index.php?rest_route=\/wp\/v2\/types\/post"}],"author":[{"embeddable":true,"href":"https:\/\/letempsmag.ma\/index.php?rest_route=\/wp\/v2\/users\/9"}],"replies":[{"embeddable":true,"href":"https:\/\/letempsmag.ma\/index.php?rest_route=%2Fwp%2Fv2%2Fcomments&post=29684"}],"version-history":[{"count":1,"href":"https:\/\/letempsmag.ma\/index.php?rest_route=\/wp\/v2\/posts\/29684\/revisions"}],"predecessor-version":[{"id":29686,"href":"https:\/\/letempsmag.ma\/index.php?rest_route=\/wp\/v2\/posts\/29684\/revisions\/29686"}],"wp:featuredmedia":[{"embeddable":true,"href":"https:\/\/letempsmag.ma\/index.php?rest_route=\/wp\/v2\/media\/29685"}],"wp:attachment":[{"href":"https:\/\/letempsmag.ma\/index.php?rest_route=%2Fwp%2Fv2%2Fmedia&parent=29684"}],"wp:term":[{"taxonomy":"category","embeddable":true,"href":"https:\/\/letempsmag.ma\/index.php?rest_route=%2Fwp%2Fv2%2Fcategories&post=29684"},{"taxonomy":"post_tag","embeddable":true,"href":"https:\/\/letempsmag.ma\/index.php?rest_route=%2Fwp%2Fv2%2Ftags&post=29684"}],"curies":[{"name":"wp","href":"https:\/\/api.w.org\/{rel}","templated":true}]}}