{"id":29681,"date":"2024-07-22T10:59:26","date_gmt":"2024-07-22T09:59:26","guid":{"rendered":"https:\/\/letempsmag.ma\/?p=29681"},"modified":"2024-07-22T10:59:27","modified_gmt":"2024-07-22T09:59:27","slug":"la-maison-de-lartisan-affiche-un-excellent-bilan","status":"publish","type":"post","link":"https:\/\/letempsmag.ma\/?p=29681","title":{"rendered":"La Maison de l\u2019Artisan affiche un excellent bilan"},"content":{"rendered":"\n<p>La Maison de l&#8217;Artisan a tenu son Conseil d&#8217;Administration le 16 juillet dernier sous la pr\u00e9sidence de Fatim-Zahra Ammor, Ministre du Tourisme, de l&#8217;Artisanat et de l&#8217;\u00c9conomie sociale et solidaire. La Ministre a d\u2019embl\u00e9e soulign\u00e9 l&#8217;importance cruciale de l&#8217;artisanat dans l&#8217;\u00e9conomie nationale et la pr\u00e9servation du patrimoine culturel marocain. Elle a rappel\u00e9 les performances remarquables du secteur en 2023, avec des exportations directes d\u00e9passant 1 milliard de DH, \u00e9tablissant ainsi un nouveau record pour la deuxi\u00e8me ann\u00e9e cons\u00e9cutive. La haute responsable a \u00e9galement mis en lumi\u00e8re l&#8217;impact significatif du tourisme sur le secteur, rappelant que les achats de produits artisanaux par les touristes au Maroc ont atteint 10 milliards de DH.<\/p>\n\n\n\n<p>\u00abL&#8217;artisanat marocain n&#8217;est pas seulement un pilier \u00e9conomique, c&#8217;est une partie importante de notre identit\u00e9. Nos efforts collectifs portent leurs fruits, comme en t\u00e9moignent les chiffres. Mais notre ambition ne s&#8217;arr\u00eate pas l\u00e0. Nous devons maintenir le cap et \u0153uvrer pour un artisanat p\u00e9renne, comp\u00e9titif et rayonnant \u00e0 l&#8217;international, tout en pr\u00e9servant l&#8217;authenticit\u00e9 qui fait sa force\u00bb, a d\u00e9clar\u00e9 Fatim-Zahra Ammor.<\/p>\n\n\n\n<p>Le Conseil a accord\u00e9 une attention particuli\u00e8re au programme de r\u00e9habilitation post-s\u00e9isme d&#8217;Al Haouz, conform\u00e9ment aux hautes instructions de S.M. le Roi Mohammed VI. \u00c0 ce jour, 87% des demandes ont \u00e9t\u00e9 totalement ou partiellement trait\u00e9es, permettant \u00e0 plus de 1.000 artisans de b\u00e9n\u00e9ficier des premi\u00e8res tranches de subventions pour relancer leurs activit\u00e9s.<\/p>\n\n\n\n<p>Le Directeur G\u00e9n\u00e9ral de la Maison de l\u2019Artisan, Tarik Sadik, a pour sa part pr\u00e9sent\u00e9 les principales r\u00e9alisations du premier semestre 2024, notamment&nbsp;:<\/p>\n\n\n\n<p>&#8211; Le lancement r\u00e9ussi de trois programmes d&#8217;accompagnement&nbsp;: Exportateurs, Agr\u00e9gateurs et Excellence.<\/p>\n\n\n\n<p>&#8211; L&#8217;organisation de la 8<sup>\u00e8me<\/sup> \u00e9dition de la Semaine Nationale de l&#8217;Artisanat, dont le forum international a r\u00e9uni 400 professionnels de 21 pays.<\/p>\n\n\n\n<p>&#8211; La participation \u00e0 des Salons internationaux prestigieux tels que le \u00abSalone Del Mobile\u00bb \u00e0 Milan et le \u00abICFF\u00bb \u00e0 New York, renfor\u00e7ant la visibilit\u00e9 des produits artisanaux marocains \u00e0 l&#8217;\u00e9chelle mondiale et servant d&#8217;inspiration pour l&#8217;innovation et l&#8217;adaptation des savoir-faire traditionnels aux tendances contemporaines du design et de la d\u00e9coration, tout en pr\u00e9servant l&#8217;authenticit\u00e9 et l&#8217;identit\u00e9 culturelle unique de l&#8217;artisanat marocain.<\/p>\n","protected":false},"excerpt":{"rendered":"<p>La Maison de l&#8217;Artisan a tenu son Conseil d&#8217;Administration le 16 juillet dernier sous la pr\u00e9sidence de Fatim-Zahra Ammor, Ministre du Tourisme, de l&#8217;Artisanat et de l&#8217;\u00c9conomie sociale et solidaire. La Ministre a d\u2019embl\u00e9e soulign\u00e9 l&#8217;importance cruciale de l&#8217;artisanat dans l&#8217;\u00e9conomie nationale et la pr\u00e9servation du patrimoine culturel marocain. Elle a rappel\u00e9 les performances remarquables &hellip;<\/p>\n","protected":false},"author":9,"featured_media":29682,"comment_status":"open","ping_status":"closed","sticky":false,"template":"","format":"standard","meta":{"footnotes":""},"categories":[564],"tags":[],"class_list":["post-29681","post","type-post","status-publish","format-standard","has-post-thumbnail","hentry","category-economie-sociale"],"_links":{"self":[{"href":"https:\/\/letempsmag.ma\/index.php?rest_route=\/wp\/v2\/posts\/29681","targetHints":{"allow":["GET"]}}],"collection":[{"href":"https:\/\/letempsmag.ma\/index.php?rest_route=\/wp\/v2\/posts"}],"about":[{"href":"https:\/\/letempsmag.ma\/index.php?rest_route=\/wp\/v2\/types\/post"}],"author":[{"embeddable":true,"href":"https:\/\/letempsmag.ma\/index.php?rest_route=\/wp\/v2\/users\/9"}],"replies":[{"embeddable":true,"href":"https:\/\/letempsmag.ma\/index.php?rest_route=%2Fwp%2Fv2%2Fcomments&post=29681"}],"version-history":[{"count":1,"href":"https:\/\/letempsmag.ma\/index.php?rest_route=\/wp\/v2\/posts\/29681\/revisions"}],"predecessor-version":[{"id":29683,"href":"https:\/\/letempsmag.ma\/index.php?rest_route=\/wp\/v2\/posts\/29681\/revisions\/29683"}],"wp:featuredmedia":[{"embeddable":true,"href":"https:\/\/letempsmag.ma\/index.php?rest_route=\/wp\/v2\/media\/29682"}],"wp:attachment":[{"href":"https:\/\/letempsmag.ma\/index.php?rest_route=%2Fwp%2Fv2%2Fmedia&parent=29681"}],"wp:term":[{"taxonomy":"category","embeddable":true,"href":"https:\/\/letempsmag.ma\/index.php?rest_route=%2Fwp%2Fv2%2Fcategories&post=29681"},{"taxonomy":"post_tag","embeddable":true,"href":"https:\/\/letempsmag.ma\/index.php?rest_route=%2Fwp%2Fv2%2Ftags&post=29681"}],"curies":[{"name":"wp","href":"https:\/\/api.w.org\/{rel}","templated":true}]}}