{"id":29631,"date":"2024-07-18T09:41:16","date_gmt":"2024-07-18T08:41:16","guid":{"rendered":"https:\/\/letempsmag.ma\/?p=29631"},"modified":"2024-07-18T09:41:16","modified_gmt":"2024-07-18T08:41:16","slug":"africa-morocco-link-se-mobilise-pour-la-saison-estivale","status":"publish","type":"post","link":"https:\/\/letempsmag.ma\/?p=29631","title":{"rendered":"Africa Morocco Link se mobilise pour la saison estivale"},"content":{"rendered":"\n<p>Africa Morocco Link (AML), premi\u00e8re compagnie nationale de transport maritime par ferry, se met en ordre de bataille pour contribuer \u00e0 la r\u00e9ussite de la saison estivale. Un dispositif renforc\u00e9 a \u00e9t\u00e9 mis en place avec une nouvelle ligne proposant ainsi une offre diversifi\u00e9e et adapt\u00e9e aux besoins de ses clients. Ce dispositif sp\u00e9cial mis en place dans le cadre de l\u2019op\u00e9ration \u00abMarhaba 2024\u00bb vise \u00e0 r\u00e9pondre aux attentes de toutes les familles marocaines pour leur retour au pays, ainsi qu\u2019aux besoins des r\u00e9sidents qui voyagent en Europe et ce dans les meilleures conditions de confort et de s\u00e9curit\u00e9.<\/p>\n\n\n\n<p>La compagnie AML a mobilis\u00e9 d\u2019importants moyens pour op\u00e9rer les lignes maritimes Tanger Med-Algesiras et Tanger Ville-Tarifa, avec une capacit\u00e9 journali\u00e8re de plus de 30.000 passagers et 7.000 v\u00e9hicules par jour, tout en assurant un service de qualit\u00e9 pendant cette op\u00e9ration.<\/p>\n\n\n\n<p>A cet effet, AML op\u00e8re cet \u00e9t\u00e9 sur la nouvelle ligne Tanger Ville-Tarifa avec deux bateaux, le \u00abMorocco Express 1\u00bb et le \u00abMaria Dolores\u00bb, d\u2019une capacit\u00e9 chacun de 650 passagers et 70 v\u00e9hicules. Une vingtaine de d\u00e9parts quotidiens sont assur\u00e9s sur cette ligne.<\/p>\n\n\n\n<p>Concernant la ligne Tanger Med-Algesiras, quatre navires, trois conventionnels et un fast ferry op\u00e8rent avec des capacit\u00e9s allant de 750 \u00e0 1.200 passagers et de 200 \u00e0 400 v\u00e9hicules par bateau. Ces navires assurent ainsi 26 d\u00e9parts quotidiens.<\/p>\n\n\n\n<p>L\u2019alliance majeure CTM-Stena Line ouvre de nouvelles perspectives pour AML qui ambitionne de jouer un r\u00f4le de premier plan dans la constitution d\u2019une flotte maritime nationale, forte et comp\u00e9titive pour relier les continents et les peuples et confirmer son ambition de devenir le premier acteur r\u00e9gional du transport maritime de personnes et de marchandises.<\/p>\n\n\n\n<p>En lan\u00e7ant le plan d\u2019action destin\u00e9 \u00e0 accompagner l\u2019op\u00e9ration \u00abMarhaba 2024\u00bb et la mont\u00e9e en puissance de ses capacit\u00e9s (rajeunissement de la flotte, lancement de nouvelles lignes \u00e0 moyenne et longue distance\u2026), les nouveaux actionnaires apportent leur exp\u00e9rience et leur savoir-faire dans le domaine du transport, notamment en mati\u00e8re de gestion des capacit\u00e9s, de services, de syst\u00e8mes d\u2019informations, de gestion d\u2019\u00e9quipages et de connaissance approfondie du march\u00e9 marocain.&nbsp;<\/p>\n\n\n\n<p>Pr\u00e9cisons qu\u2019AML a mis en place une feuille de route ambitieuse pour l\u2019am\u00e9lioration de l\u2019exp\u00e9rience client, notamment en mati\u00e8re de politique de prix, de digitalisation, de services \u00e0 bord et de process op\u00e9rationnels avec l\u2019objectif de proposer une offre am\u00e9lior\u00e9e et toujours plus adapt\u00e9e aux besoins sp\u00e9cifiques des diff\u00e9rentes client\u00e8les cibl\u00e9es. Cette feuille de route a pour objectif d\u2019accompagner \u00e9galement le d\u00e9veloppement des services de fret et de logistique, qui repr\u00e9sentent un axe strat\u00e9gique de d\u00e9veloppement pour le Maroc.<\/p>\n\n\n\n<p>Rappelons enfin qu\u2019AML a initi\u00e9, le 28 juin dernier, un partenariat strat\u00e9gique avec l\u2019Institut Sup\u00e9rieur des Etudes Maritimes (ISEM) pour d\u00e9velopper la comp\u00e9tence maritime au Maroc et soutenir la croissance du pavillon marocain en s\u2019engageant \u00e0 faire un don de 3 millions de DH.<\/p>\n","protected":false},"excerpt":{"rendered":"<p>Africa Morocco Link (AML), premi\u00e8re compagnie nationale de transport maritime par ferry, se met en ordre de bataille pour contribuer \u00e0 la r\u00e9ussite de la saison estivale. Un dispositif renforc\u00e9 a \u00e9t\u00e9 mis en place avec une nouvelle ligne proposant ainsi une offre diversifi\u00e9e et adapt\u00e9e aux besoins de ses clients. Ce dispositif sp\u00e9cial mis &hellip;<\/p>\n","protected":false},"author":9,"featured_media":29632,"comment_status":"open","ping_status":"closed","sticky":false,"template":"","format":"standard","meta":{"footnotes":""},"categories":[841],"tags":[],"class_list":["post-29631","post","type-post","status-publish","format-standard","has-post-thumbnail","hentry","category-maritime"],"_links":{"self":[{"href":"https:\/\/letempsmag.ma\/index.php?rest_route=\/wp\/v2\/posts\/29631","targetHints":{"allow":["GET"]}}],"collection":[{"href":"https:\/\/letempsmag.ma\/index.php?rest_route=\/wp\/v2\/posts"}],"about":[{"href":"https:\/\/letempsmag.ma\/index.php?rest_route=\/wp\/v2\/types\/post"}],"author":[{"embeddable":true,"href":"https:\/\/letempsmag.ma\/index.php?rest_route=\/wp\/v2\/users\/9"}],"replies":[{"embeddable":true,"href":"https:\/\/letempsmag.ma\/index.php?rest_route=%2Fwp%2Fv2%2Fcomments&post=29631"}],"version-history":[{"count":1,"href":"https:\/\/letempsmag.ma\/index.php?rest_route=\/wp\/v2\/posts\/29631\/revisions"}],"predecessor-version":[{"id":29633,"href":"https:\/\/letempsmag.ma\/index.php?rest_route=\/wp\/v2\/posts\/29631\/revisions\/29633"}],"wp:featuredmedia":[{"embeddable":true,"href":"https:\/\/letempsmag.ma\/index.php?rest_route=\/wp\/v2\/media\/29632"}],"wp:attachment":[{"href":"https:\/\/letempsmag.ma\/index.php?rest_route=%2Fwp%2Fv2%2Fmedia&parent=29631"}],"wp:term":[{"taxonomy":"category","embeddable":true,"href":"https:\/\/letempsmag.ma\/index.php?rest_route=%2Fwp%2Fv2%2Fcategories&post=29631"},{"taxonomy":"post_tag","embeddable":true,"href":"https:\/\/letempsmag.ma\/index.php?rest_route=%2Fwp%2Fv2%2Ftags&post=29631"}],"curies":[{"name":"wp","href":"https:\/\/api.w.org\/{rel}","templated":true}]}}