{"id":29625,"date":"2024-07-18T09:39:30","date_gmt":"2024-07-18T08:39:30","guid":{"rendered":"https:\/\/letempsmag.ma\/?p=29625"},"modified":"2024-07-18T09:39:31","modified_gmt":"2024-07-18T08:39:31","slug":"emirates-skycargo-dope-sa-flotte-avec-une-commande-de-cinq-boeing-777f","status":"publish","type":"post","link":"https:\/\/letempsmag.ma\/?p=29625","title":{"rendered":"Emirates SkyCargo dope sa flotte avec une commande de cinq Boeing 777F"},"content":{"rendered":"\n<p>La filiale cargo d\u2019Emirates annonce une commande de 5 gros-porteurs Boeing 777F, marquant une nouvelle \u00e9tape dans la strat\u00e9gie \u00e0 long terme de la compagnie a\u00e9rienne, augmentant la capacit\u00e9 de chargement sur le pont principal de 30% et offrant une solution \u00e0 long terme \u00e0 la p\u00e9nurie de capacit\u00e9 actuelle.&nbsp;<\/p>\n\n\n\n<p>Emirates SkyCargo attend sa livraison entre 2025 et 2026. Cette commande d\u2019un milliard de dollars portera le total de commandes globales de la compagnie a\u00e9rienne \u00e0 315 avions gros porteurs.&nbsp;<\/p>\n\n\n\n<p>Les performances d\u2019Emirates SkyCargo tout au long du premier trimestre de son exercice financer 2024-2025 ont \u00e9t\u00e9 exceptionnelles, avec des facteurs de charges constamment \u00e9lev\u00e9s et des tonnages d\u00e9passant les chiffres de 2019. Une fois que les nouveaux avions seront en service, la capacit\u00e9 de chargement sur le pont principal augmentera de 30%, permettant \u00e0 la compagnie a\u00e9rienne de d\u00e9ployer de l\u2019espace n\u00e9cessaire pour les march\u00e9s cl\u00e9s et de mieux servir les clients mondiaux.&nbsp;<\/p>\n\n\n\n<p>Son Altesse Sheikh Ahmed Bin Saeed Al Maktoum, Pr\u00e9sident-Directeur G\u00e9n\u00e9ral d\u2019Emirates&nbsp; Airline et Groupe, d\u00e9clar\u00e9&nbsp;: \u00abLa demande pour nos produits et services de classe mondiale augmente de mani\u00e8re exponentielle, encore amplifi\u00e9e par l\u2019agenda \u00e9conomique de Duba\u00ef qui vise \u00e0 doubler le commerce ext\u00e9rieur et \u00e0 renforcer la position de la ville en tant que centre commercial mondial. Cet investissement dans des Boeing 777 suppl\u00e9mentaires nous permet de r\u00e9pondre \u00e0 la demande des clients et marque une \u00e9tape dans notre plan de croissance strat\u00e9gique \u00e0 long terme. La prochaine phase de notre strat\u00e9gie inclura une \u00e9valuation compl\u00e8te de notre flotte de cargos, en examinant toutes les options d\u2019avions pour nous assurer que nous sommes les mieux \u00e9quip\u00e9s pour r\u00e9pondre aux demandes \u00e9volutives du march\u00e9 et r\u00e9affirmant notre confiance dans le r\u00f4le du fret a\u00e9rien et, plus particuli\u00e8rement d\u2019Emirates SkyCargo dans le commerce mondial\u00bb.<\/p>\n\n\n\n<p>Avec la livraison \u00e9chelonn\u00e9e de ces nouveaux avions, Emirates SkyCargo retirera les anciens appareils cargos, renfor\u00e7ant ainsi l\u2019engagement de la compagnie a\u00e9rienne \u00e0 exploiter l\u2019une des flottes les plus jeunes et les plus efficaces du ciel.&nbsp;<\/p>\n\n\n\n<p>En plus des Boeing 777F en commande, les capacit\u00e9s de fret de la compagnie seront renforc\u00e9es par 10 Boeing 777-300ER en cours de conversion en cargos, portant la flotte de cargos d\u2019Emirates \u00e0 17 avions d\u2019ici \u00e0 la fin de 2025. En tirant parti de la flotte de passagers d\u2019Emirates, la division Cargo continuera de faciliter le mouvement rapide, fiable et efficace des marchandises dans le monde entier, offrant aux clients davantage de flexibilit\u00e9 avec une flotte mixte compos\u00e9e de Boeing 777, 777-F, 747F, A350 et A380.<\/p>\n","protected":false},"excerpt":{"rendered":"<p>La filiale cargo d\u2019Emirates annonce une commande de 5 gros-porteurs Boeing 777F, marquant une nouvelle \u00e9tape dans la strat\u00e9gie \u00e0 long terme de la compagnie a\u00e9rienne, augmentant la capacit\u00e9 de chargement sur le pont principal de 30% et offrant une solution \u00e0 long terme \u00e0 la p\u00e9nurie de capacit\u00e9 actuelle.&nbsp; Emirates SkyCargo attend sa livraison &hellip;<\/p>\n","protected":false},"author":9,"featured_media":29626,"comment_status":"open","ping_status":"closed","sticky":false,"template":"","format":"standard","meta":{"footnotes":""},"categories":[131],"tags":[],"class_list":["post-29625","post","type-post","status-publish","format-standard","has-post-thumbnail","hentry","category-aerien-2"],"_links":{"self":[{"href":"https:\/\/letempsmag.ma\/index.php?rest_route=\/wp\/v2\/posts\/29625","targetHints":{"allow":["GET"]}}],"collection":[{"href":"https:\/\/letempsmag.ma\/index.php?rest_route=\/wp\/v2\/posts"}],"about":[{"href":"https:\/\/letempsmag.ma\/index.php?rest_route=\/wp\/v2\/types\/post"}],"author":[{"embeddable":true,"href":"https:\/\/letempsmag.ma\/index.php?rest_route=\/wp\/v2\/users\/9"}],"replies":[{"embeddable":true,"href":"https:\/\/letempsmag.ma\/index.php?rest_route=%2Fwp%2Fv2%2Fcomments&post=29625"}],"version-history":[{"count":1,"href":"https:\/\/letempsmag.ma\/index.php?rest_route=\/wp\/v2\/posts\/29625\/revisions"}],"predecessor-version":[{"id":29627,"href":"https:\/\/letempsmag.ma\/index.php?rest_route=\/wp\/v2\/posts\/29625\/revisions\/29627"}],"wp:featuredmedia":[{"embeddable":true,"href":"https:\/\/letempsmag.ma\/index.php?rest_route=\/wp\/v2\/media\/29626"}],"wp:attachment":[{"href":"https:\/\/letempsmag.ma\/index.php?rest_route=%2Fwp%2Fv2%2Fmedia&parent=29625"}],"wp:term":[{"taxonomy":"category","embeddable":true,"href":"https:\/\/letempsmag.ma\/index.php?rest_route=%2Fwp%2Fv2%2Fcategories&post=29625"},{"taxonomy":"post_tag","embeddable":true,"href":"https:\/\/letempsmag.ma\/index.php?rest_route=%2Fwp%2Fv2%2Ftags&post=29625"}],"curies":[{"name":"wp","href":"https:\/\/api.w.org\/{rel}","templated":true}]}}