{"id":2955,"date":"2021-05-11T08:44:34","date_gmt":"2021-05-11T08:44:34","guid":{"rendered":"https:\/\/letempsmag.ma\/?p=2955"},"modified":"2021-05-11T08:44:35","modified_gmt":"2021-05-11T08:44:35","slug":"la-chambre-des-conseillers-reporte-au-25-mai-une-seance-prevue-sur-la-politique-generale","status":"publish","type":"post","link":"https:\/\/letempsmag.ma\/?p=2955","title":{"rendered":"La Chambre des Conseillers reporte au 25 mai une s\u00e9ance pr\u00e9vue sur la politique g\u00e9n\u00e9rale"},"content":{"rendered":"\n<p>Le Bureau de la Chambre des Conseillers a d\u00e9cid\u00e9 de reporter au 25 mai prochain la s\u00e9ance mensuelle consacr\u00e9e aux r\u00e9ponses du Chef du gouvernement aux questions relatives \u00e0 la politique g\u00e9n\u00e9rale. Dans un communiqu\u00e9 diffus\u00e9 hier \u00e0 l&#8217;issue d&#8217;une r\u00e9union \u00e0 distance de son Bureau, la Chambre a annonc\u00e9 le report de cette s\u00e9ance qui devait se tenir aujourd\u2019hui 11 mai, autour du dialogue social et des mesures visant \u00e0 att\u00e9nuer les r\u00e9percussions \u00e9conomiques et sociales de la crise du \u00abCovid-19\u00bb. Lors de cette r\u00e9union virtuelle, pr\u00e9sid\u00e9e par Hakim Benchamach (photo), Pr\u00e9sident de la Chambre des Conseillers, le Bureau a \u00e9galement approuv\u00e9 l\u2019ordre du jour de la s\u00e9ance des questions orales pr\u00e9vue aujourd\u2019hui \u00e0 11h. Le Bureau de l&#8217;institution l\u00e9gislative a d\u00e9cid\u00e9 de tenir une s\u00e9ance pl\u00e9ni\u00e8re ce mardi, imm\u00e9diatement apr\u00e8s la s\u00e9ance des questions orales, pour \u00e9tudier et voter le projet de loi \u00ab12.18\u00bb modifiant et compl\u00e9tant le Code P\u00e9nal et la loi \u00ab43.0\u00a0\u00bb relative \u00e0 la lutte contre le blanchiment des capitaux, apr\u00e8s avoir \u00e9t\u00e9 approuv\u00e9 \u00e0 l&#8217;unanimit\u00e9 par la Commission de Justice, de L\u00e9gislation et des Droits de l&#8217;Homme, suite \u00e0 son amendement lors de la r\u00e9union du 6 mai dernier. Par ailleurs, le Bureau a pris note de la pr\u00e9sentation par l&#8217;un de ses membres d&#8217;une proposition de loi visant \u00e0 compl\u00e9ter l&#8217;Article 277 de la loi \u00ab65.99\u00bb relative au Code du Travail, ainsi que du contenu d&#8217;une correspondance du Ministre d&#8217;\u00c9tat charg\u00e9 des Droits de l&#8217;Homme et des Relations avec le Parlement concernant la position du gouvernement \u00e0 l&#8217;\u00e9gard d&#8217;une proposition de loi \u00e9labor\u00e9e par certains membres de la Chambre des conseillers, modifiant et compl\u00e9tant l&#8217;Article 304 de la loi \u00ab39.08\u00bb relative au Code des Droits R\u00e9els.<\/p>\n","protected":false},"excerpt":{"rendered":"<p>Le Bureau de la Chambre des Conseillers a d\u00e9cid\u00e9 de reporter au 25 mai prochain la s\u00e9ance mensuelle consacr\u00e9e aux r\u00e9ponses du Chef du gouvernement aux questions relatives \u00e0 la politique g\u00e9n\u00e9rale. Dans un communiqu\u00e9 diffus\u00e9 hier \u00e0 l&#8217;issue d&#8217;une r\u00e9union \u00e0 distance de son Bureau, la Chambre a annonc\u00e9 le report de cette s\u00e9ance &hellip;<\/p>\n","protected":false},"author":9,"featured_media":2956,"comment_status":"open","ping_status":"closed","sticky":false,"template":"","format":"standard","meta":{"footnotes":""},"categories":[211],"tags":[],"class_list":["post-2955","post","type-post","status-publish","format-standard","has-post-thumbnail","hentry","category-parlement"],"_links":{"self":[{"href":"https:\/\/letempsmag.ma\/index.php?rest_route=\/wp\/v2\/posts\/2955","targetHints":{"allow":["GET"]}}],"collection":[{"href":"https:\/\/letempsmag.ma\/index.php?rest_route=\/wp\/v2\/posts"}],"about":[{"href":"https:\/\/letempsmag.ma\/index.php?rest_route=\/wp\/v2\/types\/post"}],"author":[{"embeddable":true,"href":"https:\/\/letempsmag.ma\/index.php?rest_route=\/wp\/v2\/users\/9"}],"replies":[{"embeddable":true,"href":"https:\/\/letempsmag.ma\/index.php?rest_route=%2Fwp%2Fv2%2Fcomments&post=2955"}],"version-history":[{"count":1,"href":"https:\/\/letempsmag.ma\/index.php?rest_route=\/wp\/v2\/posts\/2955\/revisions"}],"predecessor-version":[{"id":2957,"href":"https:\/\/letempsmag.ma\/index.php?rest_route=\/wp\/v2\/posts\/2955\/revisions\/2957"}],"wp:featuredmedia":[{"embeddable":true,"href":"https:\/\/letempsmag.ma\/index.php?rest_route=\/wp\/v2\/media\/2956"}],"wp:attachment":[{"href":"https:\/\/letempsmag.ma\/index.php?rest_route=%2Fwp%2Fv2%2Fmedia&parent=2955"}],"wp:term":[{"taxonomy":"category","embeddable":true,"href":"https:\/\/letempsmag.ma\/index.php?rest_route=%2Fwp%2Fv2%2Fcategories&post=2955"},{"taxonomy":"post_tag","embeddable":true,"href":"https:\/\/letempsmag.ma\/index.php?rest_route=%2Fwp%2Fv2%2Ftags&post=2955"}],"curies":[{"name":"wp","href":"https:\/\/api.w.org\/{rel}","templated":true}]}}