{"id":29524,"date":"2024-07-10T12:44:48","date_gmt":"2024-07-10T11:44:48","guid":{"rendered":"https:\/\/letempsmag.ma\/?p=29524"},"modified":"2024-07-10T16:10:53","modified_gmt":"2024-07-10T15:10:53","slug":"la-parlement-adopte-le-texte-portant-statut-de-la-fonction-publique","status":"publish","type":"post","link":"https:\/\/letempsmag.ma\/?p=29524","title":{"rendered":"Le Parlement adopte le texte portant statut de la fonction publique"},"content":{"rendered":"\n<p>La Chambre des Repr\u00e9sentants a approuv\u00e9 \u00e0 l\u2019unanimit\u00e9, lundi denier, lors d\u2019une s\u00e9ance l\u00e9gislative, un projet de loi modifiant et compl\u00e9tant certaines dispositions du Dahir \u00ab1.58.008\u00bb du 24 f\u00e9vrier 1958, portant statut g\u00e9n\u00e9ral de la fonction publique. \u00c0 cette occasion, la Ministre d\u00e9l\u00e9gu\u00e9e charg\u00e9e de la Transition num\u00e9rique et de la R\u00e9forme de l\u2019administration, Ghita Mezzour, a indiqu\u00e9 que ce texte de loi est le r\u00e9sultat de quatre propositions de loi soumises par les membres des groupes Progr\u00e8s et du Socialisme, Unit\u00e9 et \u00c9galitarisme, Authenticit\u00e9 et Modernit\u00e9 et l\u2019Opposition Ittihadie \u00e0 la Chambre des Repr\u00e9sentants, notant que ces propositions visent \u00e0 renforcer la protection sociale des fonctionnaires des administrations publiques et \u00e0 am\u00e9liorer leur situation sociale.<\/p>\n\n\n\n<p>Les propositions de loi visent la r\u00e9vision des dispositions l\u00e9gislatives relatives aux cong\u00e9s de maladie de moyenne et de longue dur\u00e9e, pour permettre aux fonctionnaires b\u00e9n\u00e9ficiant desdits cong\u00e9s de conserver le total du salaire correspondant \u00e0 leur situation administrative pendant toute la dur\u00e9e des deux cong\u00e9s, a expliqu\u00e9 la Ministre, faisant observer qu\u2019elles pr\u00f4nent \u00e9galement le renforcement de la s\u00e9curit\u00e9 sanitaire du fonctionnaire en incluant les maladies relatives aux \u00abtroubles neurocognitifs\u00bb, dont l\u2019Alzheimer, dans la liste des maladies donnant droit \u00e0 un cong\u00e9 de maladie de longue dur\u00e9e.<\/p>\n\n\n\n<p>Selon la haute responsable, ces dispositions tendent \u00e9galement \u00e0 supprimer la peine de licenciement assorti de suspension du droit \u00e0 la retraite, compte tenu des effets n\u00e9gatifs de la peine de privation du droit \u00e0 la retraite sur le fonctionnaire et ses ayants droit, alors que cela est incompatible avec le droit \u00e0 la protection sociale tel que stipul\u00e9 dans l\u2019Article 31 de la Constitution, tout en sachant qu\u2019un fonctionnaire ne peut pas \u00eatre sanctionn\u00e9 deux fois pour le m\u00eame motif.<\/p>\n\n\n\n<p>La Ministre a par ailleurs mis en avant l\u2019attention particuli\u00e8re accord\u00e9e par S.M. le Roi Mohammed VI au chantier de la protection sociale et \u00e0 sa g\u00e9n\u00e9ralisation au profit de l\u2019ensemble des citoyennes et citoyens de mani\u00e8re \u00e0 pr\u00e9server leur dignit\u00e9.<\/p>\n","protected":false},"excerpt":{"rendered":"<p>La Chambre des Repr\u00e9sentants a approuv\u00e9 \u00e0 l\u2019unanimit\u00e9, lundi denier, lors d\u2019une s\u00e9ance l\u00e9gislative, un projet de loi modifiant et compl\u00e9tant certaines dispositions du Dahir \u00ab1.58.008\u00bb du 24 f\u00e9vrier 1958, portant statut g\u00e9n\u00e9ral de la fonction publique. \u00c0 cette occasion, la Ministre d\u00e9l\u00e9gu\u00e9e charg\u00e9e de la Transition num\u00e9rique et de la R\u00e9forme de l\u2019administration, Ghita &hellip;<\/p>\n","protected":false},"author":9,"featured_media":29525,"comment_status":"open","ping_status":"closed","sticky":false,"template":"","format":"standard","meta":{"footnotes":""},"categories":[88],"tags":[],"class_list":["post-29524","post","type-post","status-publish","format-standard","has-post-thumbnail","hentry","category-projet-de-loi"],"_links":{"self":[{"href":"https:\/\/letempsmag.ma\/index.php?rest_route=\/wp\/v2\/posts\/29524","targetHints":{"allow":["GET"]}}],"collection":[{"href":"https:\/\/letempsmag.ma\/index.php?rest_route=\/wp\/v2\/posts"}],"about":[{"href":"https:\/\/letempsmag.ma\/index.php?rest_route=\/wp\/v2\/types\/post"}],"author":[{"embeddable":true,"href":"https:\/\/letempsmag.ma\/index.php?rest_route=\/wp\/v2\/users\/9"}],"replies":[{"embeddable":true,"href":"https:\/\/letempsmag.ma\/index.php?rest_route=%2Fwp%2Fv2%2Fcomments&post=29524"}],"version-history":[{"count":2,"href":"https:\/\/letempsmag.ma\/index.php?rest_route=\/wp\/v2\/posts\/29524\/revisions"}],"predecessor-version":[{"id":29529,"href":"https:\/\/letempsmag.ma\/index.php?rest_route=\/wp\/v2\/posts\/29524\/revisions\/29529"}],"wp:featuredmedia":[{"embeddable":true,"href":"https:\/\/letempsmag.ma\/index.php?rest_route=\/wp\/v2\/media\/29525"}],"wp:attachment":[{"href":"https:\/\/letempsmag.ma\/index.php?rest_route=%2Fwp%2Fv2%2Fmedia&parent=29524"}],"wp:term":[{"taxonomy":"category","embeddable":true,"href":"https:\/\/letempsmag.ma\/index.php?rest_route=%2Fwp%2Fv2%2Fcategories&post=29524"},{"taxonomy":"post_tag","embeddable":true,"href":"https:\/\/letempsmag.ma\/index.php?rest_route=%2Fwp%2Fv2%2Ftags&post=29524"}],"curies":[{"name":"wp","href":"https:\/\/api.w.org\/{rel}","templated":true}]}}