{"id":29446,"date":"2024-07-06T17:37:32","date_gmt":"2024-07-06T16:37:32","guid":{"rendered":"https:\/\/letempsmag.ma\/?p=29446"},"modified":"2024-07-06T17:37:33","modified_gmt":"2024-07-06T16:37:33","slug":"le-conseil-superieur-des-oulemas-en-conclave","status":"publish","type":"post","link":"https:\/\/letempsmag.ma\/?p=29446","title":{"rendered":"Le Conseil Sup\u00e9rieur des Oul\u00e9mas en conclave"},"content":{"rendered":"\n<p>Le Conseil Sup\u00e9rieur des Oul\u00e9mas a entam\u00e9 hier \u00e0 Rabat les travaux de sa 33\u00e8me session ordinaire. Au cours de cette session de deux jours, dont la s\u00e9ance d\u2019ouverture a \u00e9t\u00e9 marqu\u00e9e par la pr\u00e9sence du Ministre des Habous et des Affaires islamiques, Ahmed Toufiq, et du Secr\u00e9taire G\u00e9n\u00e9ral du Conseil Sup\u00e9rieur des Oul\u00e9mas, Mohamed Yessef, les commissions du Conseil se sont pench\u00e9es sur les questions \u00e0 l\u2019ordre du jour. Notamment, le suivi des aspects r\u00e9glementaires et scientifiques pour la mise en \u0153uvre du plan de communication \u00abTabligh\u00bb et la mise en place du portail officiel du Conseil Sup\u00e9rieur des Oul\u00e9mas, tout en examinant les moyens et les m\u00e9thodes d\u2019action via les plateformes de communication et les recherches et \u00e9tudes sur lesquelles travaille le Conseil, notamment la reprise de la publication des revues du Conseil.<\/p>\n","protected":false},"excerpt":{"rendered":"<p>Le Conseil Sup\u00e9rieur des Oul\u00e9mas a entam\u00e9 hier \u00e0 Rabat les travaux de sa 33\u00e8me session ordinaire. Au cours de cette session de deux jours, dont la s\u00e9ance d\u2019ouverture a \u00e9t\u00e9 marqu\u00e9e par la pr\u00e9sence du Ministre des Habous et des Affaires islamiques, Ahmed Toufiq, et du Secr\u00e9taire G\u00e9n\u00e9ral du Conseil Sup\u00e9rieur des Oul\u00e9mas, Mohamed &hellip;<\/p>\n","protected":false},"author":9,"featured_media":29447,"comment_status":"open","ping_status":"closed","sticky":false,"template":"","format":"standard","meta":{"footnotes":""},"categories":[257],"tags":[],"class_list":["post-29446","post","type-post","status-publish","format-standard","has-post-thumbnail","hentry","category-culte"],"_links":{"self":[{"href":"https:\/\/letempsmag.ma\/index.php?rest_route=\/wp\/v2\/posts\/29446","targetHints":{"allow":["GET"]}}],"collection":[{"href":"https:\/\/letempsmag.ma\/index.php?rest_route=\/wp\/v2\/posts"}],"about":[{"href":"https:\/\/letempsmag.ma\/index.php?rest_route=\/wp\/v2\/types\/post"}],"author":[{"embeddable":true,"href":"https:\/\/letempsmag.ma\/index.php?rest_route=\/wp\/v2\/users\/9"}],"replies":[{"embeddable":true,"href":"https:\/\/letempsmag.ma\/index.php?rest_route=%2Fwp%2Fv2%2Fcomments&post=29446"}],"version-history":[{"count":1,"href":"https:\/\/letempsmag.ma\/index.php?rest_route=\/wp\/v2\/posts\/29446\/revisions"}],"predecessor-version":[{"id":29448,"href":"https:\/\/letempsmag.ma\/index.php?rest_route=\/wp\/v2\/posts\/29446\/revisions\/29448"}],"wp:featuredmedia":[{"embeddable":true,"href":"https:\/\/letempsmag.ma\/index.php?rest_route=\/wp\/v2\/media\/29447"}],"wp:attachment":[{"href":"https:\/\/letempsmag.ma\/index.php?rest_route=%2Fwp%2Fv2%2Fmedia&parent=29446"}],"wp:term":[{"taxonomy":"category","embeddable":true,"href":"https:\/\/letempsmag.ma\/index.php?rest_route=%2Fwp%2Fv2%2Fcategories&post=29446"},{"taxonomy":"post_tag","embeddable":true,"href":"https:\/\/letempsmag.ma\/index.php?rest_route=%2Fwp%2Fv2%2Ftags&post=29446"}],"curies":[{"name":"wp","href":"https:\/\/api.w.org\/{rel}","templated":true}]}}