{"id":29396,"date":"2024-07-02T10:56:57","date_gmt":"2024-07-02T09:56:57","guid":{"rendered":"https:\/\/letempsmag.ma\/?p=29396"},"modified":"2024-07-02T10:56:58","modified_gmt":"2024-07-02T09:56:58","slug":"le-maroc-et-la-turquie-collaborent-dans-lenergie-les-mines-et-la-geologie","status":"publish","type":"post","link":"https:\/\/letempsmag.ma\/?p=29396","title":{"rendered":"Le Maroc et la Turquie collaborent dans l\u2019\u00e9nergie, les mines et la g\u00e9ologie"},"content":{"rendered":"\n<p>Leila Benali, Ministre de la Transition \u00c9nerg\u00e9tique et du D\u00e9veloppement Durable a re\u00e7u, jeudi dernier \u00e0 Rabat, Alparslan Bayraktar, Ministre turc de l&#8217;\u00c9nergie et des Ressources Naturelles, qui effectuait une visite de travail au Maroc \u00e0 la t\u00eate d&#8217;une d\u00e9l\u00e9gation de haut niveau. Celle-ci \u00e9tait compos\u00e9e du Vice-Ministre de l&#8217;\u00c9nergie et des Ressources Naturelles, du Directeur des Affaires \u00c9trang\u00e8res et de l&#8217;Union Europ\u00e9enne, du Directeur G\u00e9n\u00e9ral de BOTAS (Soci\u00e9t\u00e9 des Ol\u00e9oducs), du Directeur G\u00e9n\u00e9ral d\u2019Entreprises Mini\u00e8res ET\u0130 (ET\u0130 Maden), du Directeur G\u00e9n\u00e9ral de la soci\u00e9t\u00e9 du p\u00e9trole (TPAO), des Conseillers et du Directeur G\u00e9n\u00e9ral adjoint de BOTAS.<\/p>\n\n\n\n<p>Cette visite s&#8217;inscrit dans le cadre de la concertation et de la coordination continues entre le Royaume du Maroc et la R\u00e9publique de Turquie, en vue de renforcer les relations bilat\u00e9rales dans divers domaines en explorant de nouvelles opportunit\u00e9s de coop\u00e9ration et en encourageant les investissements mutuels.<\/p>\n\n\n\n<p>Au cours de cette rencontre, les deux responsables ont salu\u00e9 la qualit\u00e9 des relations fructueuses entre les deux pays, qui ont connu un d\u00e9veloppement tangible au cours des deux derni\u00e8res d\u00e9cennies sous la conduite de S.M. le Roi Mohammed VI et du Pr\u00e9sident Recep Tayyip Erdogan. Ce d\u00e9veloppement s\u2019est manifest\u00e9 \u00e0 travers de nombreux accords diplomatiques et commerciaux, ainsi que par l&#8217;\u00e9change d&#8217;expertise et d&#8217;exp\u00e9rience dans divers secteurs vitaux et compl\u00e9mentaires. Ces efforts visent \u00e0 \u00e9tablir une coop\u00e9ration bilat\u00e9rale solide et \u00e0 cr\u00e9er une dynamique r\u00e9gionale ambitieuse et renouvel\u00e9e pour les deux nations.<\/p>\n\n\n\n<p>Lors de leurs entretiens, les deux parties ont \u00e9chang\u00e9 des points de vue sur plusieurs sujets d\u2019int\u00e9r\u00eat commun, notamment le d\u00e9veloppement des \u00e9nergies renouvelables, l&#8217;efficacit\u00e9 \u00e9nerg\u00e9tique, \u00e0 la gestion du r\u00e9seau \u00e9lectrique, le d\u00e9veloppement des infrastructures \u00e9nerg\u00e9tiques, ainsi que l&#8217;exploration mini\u00e8re, la gestion des min\u00e9raux critiques et les technologies associ\u00e9es.<\/p>\n\n\n\n<p>Au cours de cette rencontre, les deux Ministres ont proc\u00e9d\u00e9 \u00e0 la signature de deux accords de coop\u00e9ration&nbsp;: un dans le domaine de l&#8217;\u00e9nergie, tandis que l\u2019autre concerne les sciences de la terre et les mines. En mati\u00e8re d\u2019\u00e9nergie, cette coop\u00e9ration concerne les \u00e9nergies renouvelables, l&#8217;hydrog\u00e8ne vert, l&#8217;efficacit\u00e9 \u00e9nerg\u00e9tique, la production et distribution d&#8217;\u00e9lectricit\u00e9, l&#8217;int\u00e9gration des march\u00e9s de l&#8217;\u00e9nergie, les technologies propres, la d\u00e9carbonation et l&#8217;exploration des hydrocarbures.&nbsp;<\/p>\n\n\n\n<p>En mati\u00e8re de mines et de sciences de la terre, la coop\u00e9ration couvre la production de cartes g\u00e9ologiques, la t\u00e9l\u00e9d\u00e9tection, les bases de donn\u00e9es et syst\u00e8mes d&#8217;information g\u00e9ographique, l&#8217;intelligence artificielle pour l&#8217;\u00e9valuation min\u00e9rale, la recherche g\u00e9ologique, la gestion post-mine, la surveillance sismique, la gestion des min\u00e9raux strat\u00e9giques et critiques, les projets conjoints d&#8217;exploration des produits \u00e9nerg\u00e9tiques et miniers.&nbsp;<\/p>\n\n\n\n<p>Les deux accords \u00e9tablissent un cadre de collaboration pour renforcer les partenariats publics et priv\u00e9s, la recherche et le d\u00e9veloppement, l&#8217;assistance technique, le renforcement des capacit\u00e9s, l&#8217;\u00e9change d&#8217;experts et de technologies, le d\u00e9veloppement de projets communs, la coop\u00e9ration entre agences d&#8217;innovation et organisations de recherche, ainsi que des visites techniques, ateliers et s\u00e9minaires.<\/p>\n","protected":false},"excerpt":{"rendered":"<p>Leila Benali, Ministre de la Transition \u00c9nerg\u00e9tique et du D\u00e9veloppement Durable a re\u00e7u, jeudi dernier \u00e0 Rabat, Alparslan Bayraktar, Ministre turc de l&#8217;\u00c9nergie et des Ressources Naturelles, qui effectuait une visite de travail au Maroc \u00e0 la t\u00eate d&#8217;une d\u00e9l\u00e9gation de haut niveau. Celle-ci \u00e9tait compos\u00e9e du Vice-Ministre de l&#8217;\u00c9nergie et des Ressources Naturelles, du &hellip;<\/p>\n","protected":false},"author":9,"featured_media":29397,"comment_status":"open","ping_status":"closed","sticky":false,"template":"","format":"standard","meta":{"footnotes":""},"categories":[203],"tags":[],"class_list":["post-29396","post","type-post","status-publish","format-standard","has-post-thumbnail","hentry","category-cooperation"],"_links":{"self":[{"href":"https:\/\/letempsmag.ma\/index.php?rest_route=\/wp\/v2\/posts\/29396","targetHints":{"allow":["GET"]}}],"collection":[{"href":"https:\/\/letempsmag.ma\/index.php?rest_route=\/wp\/v2\/posts"}],"about":[{"href":"https:\/\/letempsmag.ma\/index.php?rest_route=\/wp\/v2\/types\/post"}],"author":[{"embeddable":true,"href":"https:\/\/letempsmag.ma\/index.php?rest_route=\/wp\/v2\/users\/9"}],"replies":[{"embeddable":true,"href":"https:\/\/letempsmag.ma\/index.php?rest_route=%2Fwp%2Fv2%2Fcomments&post=29396"}],"version-history":[{"count":1,"href":"https:\/\/letempsmag.ma\/index.php?rest_route=\/wp\/v2\/posts\/29396\/revisions"}],"predecessor-version":[{"id":29398,"href":"https:\/\/letempsmag.ma\/index.php?rest_route=\/wp\/v2\/posts\/29396\/revisions\/29398"}],"wp:featuredmedia":[{"embeddable":true,"href":"https:\/\/letempsmag.ma\/index.php?rest_route=\/wp\/v2\/media\/29397"}],"wp:attachment":[{"href":"https:\/\/letempsmag.ma\/index.php?rest_route=%2Fwp%2Fv2%2Fmedia&parent=29396"}],"wp:term":[{"taxonomy":"category","embeddable":true,"href":"https:\/\/letempsmag.ma\/index.php?rest_route=%2Fwp%2Fv2%2Fcategories&post=29396"},{"taxonomy":"post_tag","embeddable":true,"href":"https:\/\/letempsmag.ma\/index.php?rest_route=%2Fwp%2Fv2%2Ftags&post=29396"}],"curies":[{"name":"wp","href":"https:\/\/api.w.org\/{rel}","templated":true}]}}