{"id":29390,"date":"2024-07-02T10:55:25","date_gmt":"2024-07-02T09:55:25","guid":{"rendered":"https:\/\/letempsmag.ma\/?p=29390"},"modified":"2024-07-02T10:55:26","modified_gmt":"2024-07-02T09:55:26","slug":"credit-du-maroc-et-mastercard-sassocient-dans-la-transformation-numerique","status":"publish","type":"post","link":"https:\/\/letempsmag.ma\/?p=29390","title":{"rendered":"Cr\u00e9dit du Maroc et Mastercard s&#8217;associent dans la transformation num\u00e9rique"},"content":{"rendered":"\n<p>Cr\u00e9dit du Maroc et Mastercard viennent de signer un accord de partenariat strat\u00e9gique pour apporter de nouvelles technologies sur le march\u00e9, contribuer \u00e0 faire avancer la transformation num\u00e9rique de la banque et fournir des solutions personnalis\u00e9es \u00e0 ses clients. Le partenariat vient r\u00e9affirmer l&#8217;engagement de Cr\u00e9dit du Maroc \u00e0 r\u00e9pondre aux besoins financiers quotidiens des clients et renforcer son positionnement en tant qu\u2019acteur innovant du secteur bancaire.<\/p>\n\n\n\n<p>\u00abNous sommes convaincus que notre nouveau partenariat contribuera \u00e0 promouvoir l&#8217;adoption des paiements num\u00e9riques au Maroc en fournissant \u00e0 nos clients des solutions fluides et personnalis\u00e9es, dans le but d\u2019am\u00e9liorer leur satisfaction et leur s\u00e9curit\u00e9 financi\u00e8re\u00bb, d\u00e9clare Ali Benkirane, Pr\u00e9sident du Directoire de Cr\u00e9dit du Maroc.<\/p>\n\n\n\n<p>\u00abChez Mastercard, notre mission consiste \u00e0 l&#8217;acc\u00e9l\u00e9ration de la transformation num\u00e9rique et \u00e0 l&#8217;am\u00e9lioration de l&#8217;inclusion financi\u00e8re en Afrique. En tant que hub \u00e9conomique et financier r\u00e9gional, le Maroc fait partie int\u00e9grante de notre strat\u00e9gie de croissance. En nous appuyant sur le succ\u00e8s de notre nouveau partenariat&nbsp; avec Cr\u00e9dit du Maroc, nous sommes impatients d&#8217;intensifier nos efforts conjoints pour connecter et alimenter une \u00e9conomie num\u00e9rique prosp\u00e8re et durable dans le Royaume\u00bb, souligne pour sa part Dimitrios Dosis, Pr\u00e9sident de Mastercard pour la r\u00e9gion EEMEA (Europe Middle East &amp; Africa).<\/p>\n\n\n\n<p>Les deux op\u00e9rateurs ont scell\u00e9 ce partenariat pour contribuer \u00e0 d\u00e9velopper les services financiers num\u00e9riques au Maroc et ainsi acc\u00e9l\u00e9rer la transformation digitale dans le Royaume.<\/p>\n","protected":false},"excerpt":{"rendered":"<p>Cr\u00e9dit du Maroc et Mastercard viennent de signer un accord de partenariat strat\u00e9gique pour apporter de nouvelles technologies sur le march\u00e9, contribuer \u00e0 faire avancer la transformation num\u00e9rique de la banque et fournir des solutions personnalis\u00e9es \u00e0 ses clients. Le partenariat vient r\u00e9affirmer l&#8217;engagement de Cr\u00e9dit du Maroc \u00e0 r\u00e9pondre aux besoins financiers quotidiens des &hellip;<\/p>\n","protected":false},"author":9,"featured_media":29391,"comment_status":"open","ping_status":"closed","sticky":false,"template":"","format":"standard","meta":{"footnotes":""},"categories":[468],"tags":[],"class_list":["post-29390","post","type-post","status-publish","format-standard","has-post-thumbnail","hentry","category-digitalisation"],"_links":{"self":[{"href":"https:\/\/letempsmag.ma\/index.php?rest_route=\/wp\/v2\/posts\/29390","targetHints":{"allow":["GET"]}}],"collection":[{"href":"https:\/\/letempsmag.ma\/index.php?rest_route=\/wp\/v2\/posts"}],"about":[{"href":"https:\/\/letempsmag.ma\/index.php?rest_route=\/wp\/v2\/types\/post"}],"author":[{"embeddable":true,"href":"https:\/\/letempsmag.ma\/index.php?rest_route=\/wp\/v2\/users\/9"}],"replies":[{"embeddable":true,"href":"https:\/\/letempsmag.ma\/index.php?rest_route=%2Fwp%2Fv2%2Fcomments&post=29390"}],"version-history":[{"count":1,"href":"https:\/\/letempsmag.ma\/index.php?rest_route=\/wp\/v2\/posts\/29390\/revisions"}],"predecessor-version":[{"id":29392,"href":"https:\/\/letempsmag.ma\/index.php?rest_route=\/wp\/v2\/posts\/29390\/revisions\/29392"}],"wp:featuredmedia":[{"embeddable":true,"href":"https:\/\/letempsmag.ma\/index.php?rest_route=\/wp\/v2\/media\/29391"}],"wp:attachment":[{"href":"https:\/\/letempsmag.ma\/index.php?rest_route=%2Fwp%2Fv2%2Fmedia&parent=29390"}],"wp:term":[{"taxonomy":"category","embeddable":true,"href":"https:\/\/letempsmag.ma\/index.php?rest_route=%2Fwp%2Fv2%2Fcategories&post=29390"},{"taxonomy":"post_tag","embeddable":true,"href":"https:\/\/letempsmag.ma\/index.php?rest_route=%2Fwp%2Fv2%2Ftags&post=29390"}],"curies":[{"name":"wp","href":"https:\/\/api.w.org\/{rel}","templated":true}]}}