{"id":2937,"date":"2021-05-10T10:02:56","date_gmt":"2021-05-10T10:02:56","guid":{"rendered":"https:\/\/letempsmag.ma\/?p=2937"},"modified":"2021-05-10T10:02:57","modified_gmt":"2021-05-10T10:02:57","slug":"campagne-de-soutien-aux-artistes-de-la-place-jamaa-el-fna","status":"publish","type":"post","link":"https:\/\/letempsmag.ma\/?p=2937","title":{"rendered":"Campagne de soutien aux artistes de la place Jama\u00e2 El Fna"},"content":{"rendered":"\n<p>Des acteurs associatifs et des organismes professionnels du tourisme \u00e0 Marrakech ont organis\u00e9, le week-end \u00e9coul\u00e9, une campagne de solidarit\u00e9 en faveur des artistes de la mythique place Jama\u00e2 El Fna, priv\u00e9s de leur public et de leurs sources de revenu, en raison de la crise induite par la propagation de la pand\u00e9mie du \u00abCovid-19\u00bb. C\u2019est ce que rapporte la MAP dans une d\u00e9p\u00eache hier, indiquant que cette campagne humanitaire a \u00e9t\u00e9 organis\u00e9e diverses ONG&nbsp;: &#8216;Association Assafou pour le D\u00e9veloppement, Association Les Cl\u00e9s d\u2019Or, Association des Guides de Tourisme, Association des Organisations Touristiques. En partenariat avec l\u2019agence Brand Factory, des sommes d&#8217;argent et des paniers alimentaires ont \u00e9t\u00e9 distribu\u00e9s au profit de six Associations repr\u00e9sentant les artistes de la sc\u00e8ne embl\u00e9matique de Jam\u00e2a El Fna.<\/p>\n\n\n\n<p>Cette campagne de solidarit\u00e9 avec les acrobates, musiciens, dresseurs de singes, charmeurs de serpents, conteurs d&#8217;histoires de la culture orale populaire marocaine, est un geste symbolique envers ces artistes qui souffrent des r\u00e9percussions sociales et \u00e9conomiques lourdes engendr\u00e9es par la pand\u00e9mie, qui a lourdement touch\u00e9 le secteur touristique.<\/p>\n\n\n\n<p>\u00c0 cette occasion, Youssef Mamouni, membre du comit\u00e9 d&#8217;organisation, a f\u00e9licit\u00e9 les acteurs associatifs et les organismes professionnels du tourisme de Marrakech pour cette initiative caritative, sociale et humanitaire initi\u00e9e au profit d\u2019une cat\u00e9gorie sociale tr\u00e8s ch\u00e8re aux habitants de la cit\u00e9 ocre en particulier et aux Marocains en g\u00e9n\u00e9ral. \u00abIl s&#8217;agit de femmes et d&#8217;hommes dont les revenus d\u00e9pendent du public de la place Jama\u00e2 El Fna, ce c\u0153ur battant de la cit\u00e9 ocre qui, pendant la pand\u00e9mie, s&#8217;est engouffr\u00e9 dans un silence inhabituel impos\u00e9 par le coronavirus\u00bb, a d\u00e9clar\u00e9 ajout\u00e9 Youssef Mamouni, exprimant sa gratitude aux autorit\u00e9s locales et au Conseil R\u00e9gional du Tourisme (CRT) de Marrakech-Safi pour leur soutien \u00e0 la r\u00e9ussite de cette initiative. \u00c9tant l\u2019une des places les plus c\u00e9l\u00e8bres au monde, inscrite sur la liste du Patrimoine culturel immat\u00e9riel de l\u2019humanit\u00e9 depuis 2008 et sur celle du Patrimoine mondial depuis 1985 par l\u2019UNESCO, la place Jam\u00e2a El Fna accueille chaque ann\u00e9e plus de 2 millions de visiteurs.<\/p>\n","protected":false},"excerpt":{"rendered":"<p>Des acteurs associatifs et des organismes professionnels du tourisme \u00e0 Marrakech ont organis\u00e9, le week-end \u00e9coul\u00e9, une campagne de solidarit\u00e9 en faveur des artistes de la mythique place Jama\u00e2 El Fna, priv\u00e9s de leur public et de leurs sources de revenu, en raison de la crise induite par la propagation de la pand\u00e9mie du \u00abCovid-19\u00bb. &hellip;<\/p>\n","protected":false},"author":9,"featured_media":2938,"comment_status":"open","ping_status":"closed","sticky":false,"template":"","format":"standard","meta":{"footnotes":""},"categories":[137],"tags":[],"class_list":["post-2937","post","type-post","status-publish","format-standard","has-post-thumbnail","hentry","category-solidarite-2"],"_links":{"self":[{"href":"https:\/\/letempsmag.ma\/index.php?rest_route=\/wp\/v2\/posts\/2937","targetHints":{"allow":["GET"]}}],"collection":[{"href":"https:\/\/letempsmag.ma\/index.php?rest_route=\/wp\/v2\/posts"}],"about":[{"href":"https:\/\/letempsmag.ma\/index.php?rest_route=\/wp\/v2\/types\/post"}],"author":[{"embeddable":true,"href":"https:\/\/letempsmag.ma\/index.php?rest_route=\/wp\/v2\/users\/9"}],"replies":[{"embeddable":true,"href":"https:\/\/letempsmag.ma\/index.php?rest_route=%2Fwp%2Fv2%2Fcomments&post=2937"}],"version-history":[{"count":1,"href":"https:\/\/letempsmag.ma\/index.php?rest_route=\/wp\/v2\/posts\/2937\/revisions"}],"predecessor-version":[{"id":2939,"href":"https:\/\/letempsmag.ma\/index.php?rest_route=\/wp\/v2\/posts\/2937\/revisions\/2939"}],"wp:featuredmedia":[{"embeddable":true,"href":"https:\/\/letempsmag.ma\/index.php?rest_route=\/wp\/v2\/media\/2938"}],"wp:attachment":[{"href":"https:\/\/letempsmag.ma\/index.php?rest_route=%2Fwp%2Fv2%2Fmedia&parent=2937"}],"wp:term":[{"taxonomy":"category","embeddable":true,"href":"https:\/\/letempsmag.ma\/index.php?rest_route=%2Fwp%2Fv2%2Fcategories&post=2937"},{"taxonomy":"post_tag","embeddable":true,"href":"https:\/\/letempsmag.ma\/index.php?rest_route=%2Fwp%2Fv2%2Ftags&post=2937"}],"curies":[{"name":"wp","href":"https:\/\/api.w.org\/{rel}","templated":true}]}}