{"id":29363,"date":"2024-07-01T10:34:55","date_gmt":"2024-07-01T09:34:55","guid":{"rendered":"https:\/\/letempsmag.ma\/?p=29363"},"modified":"2024-07-01T10:34:56","modified_gmt":"2024-07-01T09:34:56","slug":"essaouira-cloture-en-apotheose-du-festival-gnaoua","status":"publish","type":"post","link":"https:\/\/letempsmag.ma\/?p=29363","title":{"rendered":"Essaouira : cl\u00f4ture en apoth\u00e9ose du Festival Gnaoua"},"content":{"rendered":"\n<p>Apr\u00e8s une \u00e9dition qui a une fois de plus c\u00e9l\u00e9br\u00e9 la richesse et la diversit\u00e9 des traditions musicales du monde entier, le Festival Gnaoua et Musiques du Monde s\u2019est cl\u00f4tur\u00e9 samedi dernier, apr\u00e8s 3 jours durant lesquels la ville d&#8217;Essaouira a vibr\u00e9 au rythme des sonorit\u00e9s envo\u00fbtantes des ma\u00eetres Gnaoua, fusionnant harmonieusement avec des artistes venus des quatre coins du globe. Des concerts \u00e9lectrisants, des \u00e9changes culturels inspirants et des moments de communion inoubliables ont marqu\u00e9 cette 25\u00e8me \u00e9dition.<\/p>\n\n\n\n<p>La journ\u00e9e de samedi a \u00e9t\u00e9 marqu\u00e9e par des performances exceptionnelles et une \u00e9nergie incroyable qui ont r\u00e9uni les festivaliers autour de la musique et de la culture.<\/p>\n\n\n\n<p>Le Forum des Droits Humains a lanc\u00e9 les festivit\u00e9s d\u00e8s 10h avec une discussion inspirante sur l\u2019avenir des relations culturelles entre le Maroc, l&#8217;Espagne et le Portugal \u00e0 l&#8217;H\u00f4tel Atlas Essaouira Riad Resort. L&#8217;apr\u00e8s-midi a \u00e9t\u00e9 consacr\u00e9 \u00e0 deux tables rondes captivantes sur la culture Gnaoua, explorant son oralit\u00e9, sa ritualit\u00e9, et ses m\u00e9tamorphoses.<\/p>\n\n\n\n<p>Pendant ce temps, l&#8217;Arbre \u00e0 Palabres a offert un espace de dialogue \u00e0 l&#8217;Institut Fran\u00e7ais d\u2019Essaouira, tandis que l&#8217;exposition &#8220;Lumi\u00e8re et mouvement dans la diversit\u00e9&#8221; a illumin\u00e9 Borj Bab Marrakech. Les Off dans la ville ont anim\u00e9 les rues avec des performances de Ahwache d\u2019Essaouira, Ganga de Tinghir, et la Compagnie Dumanl\u00e9 de C\u00f4te d\u2019Ivoire.<\/p>\n\n\n\n<p>Des concerts inoubliables ont eu lieu dans la soir\u00e9e. Au Borj Bab Marrakech, le public a \u00e9t\u00e9 transport\u00e9 par les m\u00e9lodies du Simon Shaheen Quartet et de Ma\u00e2lem Mustapha Baqbou. Sur la sc\u00e8ne Moulay Hassan, les prestations de Ma\u00e2lem Ismail Rahil, Buika, Bokant\u00e9, et Ma\u00e2llem Hamid El Kasri ont enchant\u00e9 les spectateurs, culminant en une fusion exceptionnelle entre El Kasri et Bokant\u00e9. La sc\u00e8ne de la plage a accueilli Ma\u00e2lem Younes El Hadir, A\u00efta Mon Amour, Mehdi Nassouli et Labess pour une soir\u00e9e m\u00e9morable.<\/p>\n\n\n\n<p>Les performances se sont poursuivies tard dans la nuit avec les Ma\u00e2llems Sa\u00efd Tahlaoui, Hamid El Hadri, Abdellah Akharaz, Houssam Gania, Brahim El Belkani, Ahmed Baqbou, Said Bourqi, et Abdellah Roudani, chacun apportant leur touche unique \u00e0 cette f\u00eate musicale.&nbsp;<\/p>\n\n\n\n<p>LAIDIA FAHIM&nbsp;<\/p>\n","protected":false},"excerpt":{"rendered":"<p>Apr\u00e8s une \u00e9dition qui a une fois de plus c\u00e9l\u00e9br\u00e9 la richesse et la diversit\u00e9 des traditions musicales du monde entier, le Festival Gnaoua et Musiques du Monde s\u2019est cl\u00f4tur\u00e9 samedi dernier, apr\u00e8s 3 jours durant lesquels la ville d&#8217;Essaouira a vibr\u00e9 au rythme des sonorit\u00e9s envo\u00fbtantes des ma\u00eetres Gnaoua, fusionnant harmonieusement avec des artistes &hellip;<\/p>\n","protected":false},"author":9,"featured_media":29364,"comment_status":"open","ping_status":"closed","sticky":false,"template":"","format":"standard","meta":{"footnotes":""},"categories":[51],"tags":[],"class_list":["post-29363","post","type-post","status-publish","format-standard","has-post-thumbnail","hentry","category-culture"],"_links":{"self":[{"href":"https:\/\/letempsmag.ma\/index.php?rest_route=\/wp\/v2\/posts\/29363","targetHints":{"allow":["GET"]}}],"collection":[{"href":"https:\/\/letempsmag.ma\/index.php?rest_route=\/wp\/v2\/posts"}],"about":[{"href":"https:\/\/letempsmag.ma\/index.php?rest_route=\/wp\/v2\/types\/post"}],"author":[{"embeddable":true,"href":"https:\/\/letempsmag.ma\/index.php?rest_route=\/wp\/v2\/users\/9"}],"replies":[{"embeddable":true,"href":"https:\/\/letempsmag.ma\/index.php?rest_route=%2Fwp%2Fv2%2Fcomments&post=29363"}],"version-history":[{"count":1,"href":"https:\/\/letempsmag.ma\/index.php?rest_route=\/wp\/v2\/posts\/29363\/revisions"}],"predecessor-version":[{"id":29365,"href":"https:\/\/letempsmag.ma\/index.php?rest_route=\/wp\/v2\/posts\/29363\/revisions\/29365"}],"wp:featuredmedia":[{"embeddable":true,"href":"https:\/\/letempsmag.ma\/index.php?rest_route=\/wp\/v2\/media\/29364"}],"wp:attachment":[{"href":"https:\/\/letempsmag.ma\/index.php?rest_route=%2Fwp%2Fv2%2Fmedia&parent=29363"}],"wp:term":[{"taxonomy":"category","embeddable":true,"href":"https:\/\/letempsmag.ma\/index.php?rest_route=%2Fwp%2Fv2%2Fcategories&post=29363"},{"taxonomy":"post_tag","embeddable":true,"href":"https:\/\/letempsmag.ma\/index.php?rest_route=%2Fwp%2Fv2%2Ftags&post=29363"}],"curies":[{"name":"wp","href":"https:\/\/api.w.org\/{rel}","templated":true}]}}