{"id":2928,"date":"2021-05-10T10:01:00","date_gmt":"2021-05-10T10:01:00","guid":{"rendered":"https:\/\/letempsmag.ma\/?p=2928"},"modified":"2021-05-10T10:01:01","modified_gmt":"2021-05-10T10:01:01","slug":"la-fmej-annonce-louverture-cette-annee-de-5-representations-regionales","status":"publish","type":"post","link":"https:\/\/letempsmag.ma\/?p=2928","title":{"rendered":"La FMEJ annonce l\u2019ouverture, cette ann\u00e9e, de 5 repr\u00e9sentations r\u00e9gionales"},"content":{"rendered":"\n<p>La F\u00e9d\u00e9ration Marocaine des \u00c9diteurs de Journaux (FMEJ) compte ouvrir cinq nouvelles repr\u00e9sentations r\u00e9gionales au cours de 2021, dans l\u2019objectif de contribuer au renforcement des m\u00e9dias de proximit\u00e9 r\u00e9gionale. Dans un communiqu\u00e9 publi\u00e9 \u00e0 l\u2019issue d\u2019une r\u00e9union tenue jeudi dernier, la F\u00e9d\u00e9ration a indiqu\u00e9 qu\u2019avec le lancement de ces cinq nouvelles repr\u00e9sentations dans autant de r\u00e9gions, les pr\u00e9paratifs battent leur plein pour tenir les assembl\u00e9es g\u00e9n\u00e9rales constituantes des nouvelles entit\u00e9s r\u00e9gionales au cours de cette ann\u00e9e.<\/p>\n\n\n\n<p>Lors de cette r\u00e9union, le Bureau ex\u00e9cutif a d\u00e9battu de questions organisationnelles, professionnelles, circonstancielles et structurelles dans le cadre de l\u2019\u00e9valuation de la situation du secteur de la presse, un an apr\u00e8s la propagation de la pand\u00e9mie du \u00abCovid-19\u00bb, et a salu\u00e9 l\u2019extraordinaire d\u00e9veloppement organisationnel de la F\u00e9d\u00e9ration alors que ses membres, employ\u00e9s et associ\u00e9s, ont atteint le nombre de 184 affiliations, concernant des quotidiens, des hebdomadaires et des sites web sp\u00e9cialis\u00e9s, r\u00e9gionaux et nationaux.<\/p>\n\n\n\n<p>Le Bureau ex\u00e9cutif s\u2019est, en outre, dit pr\u00e9occup\u00e9 par les conditions des entreprises de presse post-pand\u00e9mie et par la situation de nombreux employ\u00e9s, tout en plaidant \u00e0 accorder des appuis financiers qui s\u2019ajouteront aux salaires. De m\u00eame, le Bureau ex\u00e9cutif a d\u00e9cid\u00e9 d\u2019ouvrir de larges consultations sur l\u2019avenir du secteur de la presse au Maroc avec l\u2019ensemble des partenaires, que ce soit dans le cadre du soutien public, qui doit \u00eatre orient\u00e9 vers le d\u00e9veloppement de la lecture des journaux en papier et \u00e9lectroniques, ou dans le cadre de l\u2019instauration de la confiance et la fid\u00e9lisation des lecteurs en s\u2019engageant s\u00e9rieusement dans les processus de moralisation et de d\u00e9fense de la libert\u00e9 de la presse et de la dignit\u00e9 des journalistes.<\/p>\n\n\n\n<p>La FMEJ n\u2019a pas manqu\u00e9 de saluer le grand effort d\u00e9ploy\u00e9 par l\u2019\u00c9tat pour soutenir le secteur de la presse en ces circonstances sans pr\u00e9c\u00e9dent avec une enveloppe financi\u00e8re totale d\u2019environ 340 millions de DH. Le Bureau ex\u00e9cutif a relev\u00e9 que malgr\u00e9 les remarques sur la gestion de l\u2019aide publique, il ne peut que saluer cette attention \u00e0 l\u2019\u00e9gard de la presse et des journalistes en ces temps de pand\u00e9mie, et rendre hommage au r\u00f4le du secteur dans la lutte contre les fausses informations (fake news), dans la sensibilisation, le suivi et la s\u00e9curisation de flux d\u2019informations fiables en tant que service public n\u00e9cessaire \u00e0 la d\u00e9mocratie. \u00c0 cet \u00e9gard, il a estim\u00e9 que le soutien public \u00e0 la presse ne doit \u00eatre qu\u2019une partie de l\u2019entreprise journalistique, cens\u00e9e fonctionner principalement gr\u00e2ce \u00e0 ses lecteurs et aux annonceurs dans le cadre d\u2019un mod\u00e8le \u00e9conomique garantissant son ind\u00e9pendance et sa p\u00e9rennit\u00e9. Par cons\u00e9quent, toute conception de tout nouveau m\u00e9canisme d\u2019aide doit prendre en compte le soutien du r\u00f4le et de l\u2019influence de cette presse, et non l\u2019institutionnalisation de normes de soutien exceptionnelles survenues dans le sillage des circonstances \u00e9pid\u00e9miologiques.<\/p>\n\n\n\n<p>Les membres de la FMEJ ont pl\u00e9biscit\u00e9 l\u2019\u00e9laboration d\u2019une nouvelle vision de soutien public \u00e0 la presse nationale; une vision qui doit s\u2019inscrire dans le cadre d\u2019un r\u00e9el partenariat entre les professionnels de diverses composantes et les pouvoirs publics, dans un cadre de transparence tout en capitalisant sur les r\u00e9alisations enregistr\u00e9es depuis des ann\u00e9es, en parfaite harmonie avec l\u2019esprit de la loi sur les subventions et dans un \u00e9quilibre cr\u00e9atif entre le soutien \u00e9conomique \u00e0 l\u2019entreprise, le soutien social aux travailleurs et la promotion du droit de la soci\u00e9t\u00e9 \u00e0 un m\u00e9dia fort, capable d\u2019assumer sa responsabilit\u00e9 sociale.<\/p>\n\n\n\n<p>La FMEJ, qui marche sur les pas des p\u00e8res fondateurs, reste un partenaire s\u00e9rieux cr\u00e9dible dans les efforts visant \u00e0 sauver la presse nationale, \u00e0 la r\u00e9concilier avec son environnement et \u00e0 augmenter ses performances au service de la soci\u00e9t\u00e9 et du d\u00e9veloppement d\u00e9mocratique du pays, lit-on dans le communiqu\u00e9 diffus\u00e9 \u00e0 l\u2019issue de la r\u00e9union du Bureau ex\u00e9cutif.<\/p>\n","protected":false},"excerpt":{"rendered":"<p>La F\u00e9d\u00e9ration Marocaine des \u00c9diteurs de Journaux (FMEJ) compte ouvrir cinq nouvelles repr\u00e9sentations r\u00e9gionales au cours de 2021, dans l\u2019objectif de contribuer au renforcement des m\u00e9dias de proximit\u00e9 r\u00e9gionale. Dans un communiqu\u00e9 publi\u00e9 \u00e0 l\u2019issue d\u2019une r\u00e9union tenue jeudi dernier, la F\u00e9d\u00e9ration a indiqu\u00e9 qu\u2019avec le lancement de ces cinq nouvelles repr\u00e9sentations dans autant de &hellip;<\/p>\n","protected":false},"author":9,"featured_media":2929,"comment_status":"open","ping_status":"closed","sticky":false,"template":"","format":"standard","meta":{"footnotes":""},"categories":[71],"tags":[],"class_list":["post-2928","post","type-post","status-publish","format-standard","has-post-thumbnail","hentry","category-presse"],"_links":{"self":[{"href":"https:\/\/letempsmag.ma\/index.php?rest_route=\/wp\/v2\/posts\/2928","targetHints":{"allow":["GET"]}}],"collection":[{"href":"https:\/\/letempsmag.ma\/index.php?rest_route=\/wp\/v2\/posts"}],"about":[{"href":"https:\/\/letempsmag.ma\/index.php?rest_route=\/wp\/v2\/types\/post"}],"author":[{"embeddable":true,"href":"https:\/\/letempsmag.ma\/index.php?rest_route=\/wp\/v2\/users\/9"}],"replies":[{"embeddable":true,"href":"https:\/\/letempsmag.ma\/index.php?rest_route=%2Fwp%2Fv2%2Fcomments&post=2928"}],"version-history":[{"count":1,"href":"https:\/\/letempsmag.ma\/index.php?rest_route=\/wp\/v2\/posts\/2928\/revisions"}],"predecessor-version":[{"id":2930,"href":"https:\/\/letempsmag.ma\/index.php?rest_route=\/wp\/v2\/posts\/2928\/revisions\/2930"}],"wp:featuredmedia":[{"embeddable":true,"href":"https:\/\/letempsmag.ma\/index.php?rest_route=\/wp\/v2\/media\/2929"}],"wp:attachment":[{"href":"https:\/\/letempsmag.ma\/index.php?rest_route=%2Fwp%2Fv2%2Fmedia&parent=2928"}],"wp:term":[{"taxonomy":"category","embeddable":true,"href":"https:\/\/letempsmag.ma\/index.php?rest_route=%2Fwp%2Fv2%2Fcategories&post=2928"},{"taxonomy":"post_tag","embeddable":true,"href":"https:\/\/letempsmag.ma\/index.php?rest_route=%2Fwp%2Fv2%2Ftags&post=2928"}],"curies":[{"name":"wp","href":"https:\/\/api.w.org\/{rel}","templated":true}]}}