{"id":29269,"date":"2024-06-25T11:10:50","date_gmt":"2024-06-25T10:10:50","guid":{"rendered":"https:\/\/letempsmag.ma\/?p=29269"},"modified":"2024-06-25T11:10:51","modified_gmt":"2024-06-25T10:10:51","slug":"colloque-international-a-casablanca-sur-lhandicap-et-les-cites","status":"publish","type":"post","link":"https:\/\/letempsmag.ma\/?p=29269","title":{"rendered":"Colloque international \u00e0 Casablanca sur l\u2019handicap et les cit\u00e9s"},"content":{"rendered":"\n<p>Le Laboratoire de recherche sur les diff\u00e9renciations socio-anthropologiques et les identit\u00e9s sociales (LADSIS) ainsi que le D\u00e9partement de Sociologie de Casablanca, \u00e0 la Facult\u00e9 des Lettres et des Sciences Humaines de Casablanca A\u00efn Chock Universit\u00e9 Hassan II de Casablanca, organisent les 26 et 27 juin courant un colloque international et pluridisciplinaire sur le th\u00e8me \u00abHandicap et cit\u00e9s, regards pluriels\u00bb.<\/p>\n\n\n\n<p>Ce colloque, qui se tiendra \u00e0 la Facult\u00e9 des Lettres de A\u00efn Chock, vise \u00e0 rassembler chercheurs et enseignants de diverses disciplines pour explorer la question du handicap en relation avec la cit\u00e9, dans ses dimensions physique, sociale et politique. L\u2019objectif&nbsp;: renforcer le champ d\u2019\u00e9tudes.<\/p>\n\n\n\n<p>D\u2019\u00e9minents chercheurs de 20 universit\u00e9s du Maroc et d\u2019autres pays (Canada, Belgique, Br\u00e9sil, R\u00e9publique D\u00e9mocratique du Congo, France, Guyane\u2026), participeront \u00e0 cet \u00e9v\u00e9nement, en plus de repr\u00e9sentants des secteurs associatif et \u00e9conomique.<\/p>\n\n\n\n<p>La rencontre a pour but de cr\u00e9er un espace de d\u00e9bat, de r\u00e9flexion et d\u2019\u00e9change de connaissances et d\u2019exp\u00e9riences autour du handicap et de son interaction avec les \u00abcit\u00e9s\u00bb, qu\u2019elles soient mat\u00e9rielles (accessibilit\u00e9 et cha\u00eenes de d\u00e9placement) ou symboliques (repr\u00e9sentations sociales).<\/p>\n\n\n\n<p>La dimension relationnelle de l\u2019espace sera abord\u00e9e \u00e0 travers les composantes de la structure sociale, le monde mat\u00e9riel des objets et des corps, ainsi que la dimension symbolique du monde social. L\u2019espace des repr\u00e9sentations d\u00e9termine l\u2019espace g\u00e9ographique concret des individus.<\/p>\n\n\n\n<p>Le colloque vise \u00e9galement \u00e0 cr\u00e9er des r\u00e9seaux d\u2019\u00e9change entre enseignants et \u00e9tudiants autour de la question du handicap, un domaine encore peu explor\u00e9 par les chercheurs au Maroc. De plus, l\u2019objectif est de sensibiliser, avec des arguments scientifiques, les pouvoirs publics et les collectivit\u00e9s territoriales aux probl\u00e8mes d\u2019accessibilit\u00e9 \u00e0 la cit\u00e9, non seulement en termes de territoire, mais aussi d\u2019espaces de vie, de loisirs, de participation et d\u2019\u00e9tablissements publics au Maroc.<\/p>\n\n\n\n<p>En tant qu\u2019\u00e9v\u00e9nement international, le colloque offre une occasion de faire le point sur les recherches r\u00e9centes sur cette th\u00e9matique et de r\u00e9unir les chercheurs travaillant sur ce sujet. Il aboutira \u00e0 la publication d\u2019un ouvrage collectif regroupant toutes les interventions.<\/p>\n\n\n\n<p>Les d\u00e9bats s\u2019articuleront autour de plusieurs axes&nbsp;: la cit\u00e9 comme espace d\u2019accueil et de repr\u00e9sentations&nbsp;; les handicaps et les conditions de vie, l\u2019art, le sport et les loisirs pour tous ainsi que la formation et l\u2019emploi.<\/p>\n","protected":false},"excerpt":{"rendered":"<p>Le Laboratoire de recherche sur les diff\u00e9renciations socio-anthropologiques et les identit\u00e9s sociales (LADSIS) ainsi que le D\u00e9partement de Sociologie de Casablanca, \u00e0 la Facult\u00e9 des Lettres et des Sciences Humaines de Casablanca A\u00efn Chock Universit\u00e9 Hassan II de Casablanca, organisent les 26 et 27 juin courant un colloque international et pluridisciplinaire sur le th\u00e8me \u00abHandicap &hellip;<\/p>\n","protected":false},"author":9,"featured_media":29270,"comment_status":"open","ping_status":"closed","sticky":false,"template":"","format":"standard","meta":{"footnotes":""},"categories":[204],"tags":[],"class_list":["post-29269","post","type-post","status-publish","format-standard","has-post-thumbnail","hentry","category-debat-2"],"_links":{"self":[{"href":"https:\/\/letempsmag.ma\/index.php?rest_route=\/wp\/v2\/posts\/29269","targetHints":{"allow":["GET"]}}],"collection":[{"href":"https:\/\/letempsmag.ma\/index.php?rest_route=\/wp\/v2\/posts"}],"about":[{"href":"https:\/\/letempsmag.ma\/index.php?rest_route=\/wp\/v2\/types\/post"}],"author":[{"embeddable":true,"href":"https:\/\/letempsmag.ma\/index.php?rest_route=\/wp\/v2\/users\/9"}],"replies":[{"embeddable":true,"href":"https:\/\/letempsmag.ma\/index.php?rest_route=%2Fwp%2Fv2%2Fcomments&post=29269"}],"version-history":[{"count":1,"href":"https:\/\/letempsmag.ma\/index.php?rest_route=\/wp\/v2\/posts\/29269\/revisions"}],"predecessor-version":[{"id":29271,"href":"https:\/\/letempsmag.ma\/index.php?rest_route=\/wp\/v2\/posts\/29269\/revisions\/29271"}],"wp:featuredmedia":[{"embeddable":true,"href":"https:\/\/letempsmag.ma\/index.php?rest_route=\/wp\/v2\/media\/29270"}],"wp:attachment":[{"href":"https:\/\/letempsmag.ma\/index.php?rest_route=%2Fwp%2Fv2%2Fmedia&parent=29269"}],"wp:term":[{"taxonomy":"category","embeddable":true,"href":"https:\/\/letempsmag.ma\/index.php?rest_route=%2Fwp%2Fv2%2Fcategories&post=29269"},{"taxonomy":"post_tag","embeddable":true,"href":"https:\/\/letempsmag.ma\/index.php?rest_route=%2Fwp%2Fv2%2Ftags&post=29269"}],"curies":[{"name":"wp","href":"https:\/\/api.w.org\/{rel}","templated":true}]}}