{"id":29252,"date":"2024-06-24T11:03:11","date_gmt":"2024-06-24T10:03:11","guid":{"rendered":"https:\/\/letempsmag.ma\/?p=29252"},"modified":"2024-06-24T11:03:11","modified_gmt":"2024-06-24T10:03:11","slug":"abdelfattah-kilito-recoit-le-grand-prix-de-la-francophonie-de-lacademie-francaise","status":"publish","type":"post","link":"https:\/\/letempsmag.ma\/?p=29252","title":{"rendered":"Abdelfattah Kilito re\u00e7oit le Grand Prix de la Francophonie de l\u2019Acad\u00e9mie Fran\u00e7aise"},"content":{"rendered":"\n<p>L\u2019\u00e9crivain marocain Abdelfattah Kilito s\u2019est vu d\u00e9cerner le Grand Prix de la Francophonie de l\u2019Acad\u00e9mie Fran\u00e7aise pour l\u2019ann\u00e9e 2024, a annonc\u00e9 l\u2019institution dans un communiqu\u00e9. Fond\u00e9 en 1986, ce Prix est \u00abDestin\u00e9 \u00e0 couronner l\u2019\u0153uvre d\u2019une personne francophone qui, dans son pays ou \u00e0 l\u2019\u00e9chelle internationale, aura contribu\u00e9 de fa\u00e7on \u00e9minente au maintien et \u00e0 l\u2019illustration de la langue fran\u00e7aise\u00bb, lit-on dans la pr\u00e9sentation de cette distinction.<\/p>\n\n\n\n<p>Le palmar\u00e8s pour l\u2019ann\u00e9e 2024 d\u00e9voil\u00e9, jeudi dernier par l\u2019Acad\u00e9mie Fran\u00e7aise, comporte 67 distinctions dans les domaines notamment de la litt\u00e9rature, de la po\u00e9sie, de la critique, de la philosophie, de l\u2019histoire, du cin\u00e9ma, du th\u00e9\u00e2tre et de la musique fran\u00e7aise.<\/p>\n\n\n\n<p>N\u00e9 en 1945 \u00e0 Rabat, Abdelfattah Kilito est professeur \u00e0 la Facult\u00e9 des Lettres et des Sciences Humaines de la capitale. Il a \u00e9galement enseign\u00e9 \u00e0 Paris (France), \u00e0 Princeton et \u00e0 Harvard (\u00c9tats-Unis). Il est l\u2019auteur de plusieurs ouvrages en arabe et en fran\u00e7ais, ainsi que d\u2019\u00e9tudes et de recherches publi\u00e9es dans des revues scientifiques et des journaux marocains et arabes. Membre de la Commission des Sciences Humaines de l\u2019Acad\u00e9mie du Royaume du Maroc, il a remport\u00e9 plusieurs distinctions, la derni\u00e8re \u00e9tant le Prix International du Roi Fay\u00e7al de Langue et Litt\u00e9rature Arabes 2023.<\/p>\n","protected":false},"excerpt":{"rendered":"<p>L\u2019\u00e9crivain marocain Abdelfattah Kilito s\u2019est vu d\u00e9cerner le Grand Prix de la Francophonie de l\u2019Acad\u00e9mie Fran\u00e7aise pour l\u2019ann\u00e9e 2024, a annonc\u00e9 l\u2019institution dans un communiqu\u00e9. Fond\u00e9 en 1986, ce Prix est \u00abDestin\u00e9 \u00e0 couronner l\u2019\u0153uvre d\u2019une personne francophone qui, dans son pays ou \u00e0 l\u2019\u00e9chelle internationale, aura contribu\u00e9 de fa\u00e7on \u00e9minente au maintien et \u00e0 &hellip;<\/p>\n","protected":false},"author":9,"featured_media":29253,"comment_status":"open","ping_status":"closed","sticky":false,"template":"","format":"standard","meta":{"footnotes":""},"categories":[51],"tags":[],"class_list":["post-29252","post","type-post","status-publish","format-standard","has-post-thumbnail","hentry","category-culture"],"_links":{"self":[{"href":"https:\/\/letempsmag.ma\/index.php?rest_route=\/wp\/v2\/posts\/29252","targetHints":{"allow":["GET"]}}],"collection":[{"href":"https:\/\/letempsmag.ma\/index.php?rest_route=\/wp\/v2\/posts"}],"about":[{"href":"https:\/\/letempsmag.ma\/index.php?rest_route=\/wp\/v2\/types\/post"}],"author":[{"embeddable":true,"href":"https:\/\/letempsmag.ma\/index.php?rest_route=\/wp\/v2\/users\/9"}],"replies":[{"embeddable":true,"href":"https:\/\/letempsmag.ma\/index.php?rest_route=%2Fwp%2Fv2%2Fcomments&post=29252"}],"version-history":[{"count":1,"href":"https:\/\/letempsmag.ma\/index.php?rest_route=\/wp\/v2\/posts\/29252\/revisions"}],"predecessor-version":[{"id":29254,"href":"https:\/\/letempsmag.ma\/index.php?rest_route=\/wp\/v2\/posts\/29252\/revisions\/29254"}],"wp:featuredmedia":[{"embeddable":true,"href":"https:\/\/letempsmag.ma\/index.php?rest_route=\/wp\/v2\/media\/29253"}],"wp:attachment":[{"href":"https:\/\/letempsmag.ma\/index.php?rest_route=%2Fwp%2Fv2%2Fmedia&parent=29252"}],"wp:term":[{"taxonomy":"category","embeddable":true,"href":"https:\/\/letempsmag.ma\/index.php?rest_route=%2Fwp%2Fv2%2Fcategories&post=29252"},{"taxonomy":"post_tag","embeddable":true,"href":"https:\/\/letempsmag.ma\/index.php?rest_route=%2Fwp%2Fv2%2Ftags&post=29252"}],"curies":[{"name":"wp","href":"https:\/\/api.w.org\/{rel}","templated":true}]}}