{"id":29237,"date":"2024-06-21T11:47:36","date_gmt":"2024-06-21T10:47:36","guid":{"rendered":"https:\/\/letempsmag.ma\/?p=29237"},"modified":"2024-06-21T11:47:37","modified_gmt":"2024-06-21T10:47:37","slug":"texte-de-la-lettre-royale-adressee-au-chef-du-gouvernement","status":"publish","type":"post","link":"https:\/\/letempsmag.ma\/?p=29237","title":{"rendered":"Texte de la Lettre Royale adress\u00e9e au Chef du Gouvernement"},"content":{"rendered":"\n<p>S.M. le Roi Mohammed VI a adress\u00e9 hier une Lettre au Chef du Gouvernement au sujet du 7<sup>\u00e8me<\/sup> recensement g\u00e9n\u00e9ral de la population et de l\u2019habitat, qui sera organis\u00e9 vers la fin de l&#8217;\u00e9t\u00e9 de l\u2019ann\u00e9e en cours. En voici le texte int\u00e9gral, tel qu\u2019il est relay\u00e9 par la MAP&nbsp;:<\/p>\n\n\n\n<p>\u00abLouange \u00e0 Dieu.<\/p>\n\n\n\n<p>Pri\u00e8re et salut sur le Proph\u00e8te, Sa famille et Ses compagnons.<\/p>\n\n\n\n<p>Notre d\u00e9vou\u00e9 serviteur Monsieur Aziz Akhannouch, Chef du Gouvernement.<\/p>\n\n\n\n<p>Que Dieu te prot\u00e8ge et sur la bonne voie guide tes pas.<\/p>\n\n\n\n<p>Depuis que Nous avons assum\u00e9 la charge supr\u00eame d&#8217;assurer la conduite de la nation, Nous avons constamment attach\u00e9 le plus grand int\u00e9r\u00eat au recensement g\u00e9n\u00e9ral de la population et de l&#8217;habitat et \u00e0 la p\u00e9riodicit\u00e9 de son organisation.<\/p>\n\n\n\n<p>Une op\u00e9ration qui, par la multitude et l&#8217;importance des donn\u00e9es et des indicateurs qu&#8217;elle g\u00e9n\u00e8re, constitue une aide pr\u00e9cieuse \u00e0 la concr\u00e9tisation de notre projet de soci\u00e9t\u00e9 et au bon d\u00e9ploiement de notre mod\u00e8le de d\u00e9veloppement, b\u00e2tis sur les principes de d\u00e9mocratie politique, d&#8217;efficacit\u00e9 \u00e9conomique, de d\u00e9veloppement humain et de coh\u00e9sion sociale et territoriale.<\/p>\n\n\n\n<p>Le renouvellement p\u00e9riodique de cette op\u00e9ration, \u00e0 intervalle r\u00e9gulier tous les dix ans, constitue un choix judicieux qui nous permet d&#8217;\u00eatre mieux arm\u00e9s pour saisir avec justesse l&#8217;\u00e9volution d\u00e9mographique et socio-\u00e9conomique du pays, anticiper les besoins changeants de nos citoyens et \u00e9laborer des politiques pertinentes en cons\u00e9quence.<\/p>\n\n\n\n<p>Aussi, avons-Nous d\u00e9cid\u00e9, avec l&#8217;aide de Dieu, de Nous y atteler activement en organisant, \u00e0 la fin de l&#8217;\u00e9t\u00e9, une nouvelle op\u00e9ration de recensement g\u00e9n\u00e9ral de la population et de l&#8217;habitat, la 7<sup>\u00e8me<\/sup> depuis 1960, qui se veut novatrice et ambitieuse.<\/p>\n\n\n\n<p>Novatrice par l&#8217;approche et les moyens technologiques qui seront mobilis\u00e9s pour la collecte et le traitement de l&#8217;information. Ambitieuse par l&#8217;\u00e9largissement des champs d&#8217;investigation \u00e0 de nouvelles th\u00e9matiques qui nous tiennent \u00e0 c\u0153ur dont notamment le projet soci\u00e9tal structurant de la protection sociale.<\/p>\n\n\n\n<p>Monsieur le Chef du Gouvernement.<\/p>\n\n\n\n<p>Il ne t&#8217;\u00e9chappe gu\u00e8re, au regard des objectifs poursuivis, l&#8217;importance strat\u00e9gique de cet \u00e9v\u00e8nement d\u00e9cennal qui int\u00e9resse la nation toute enti\u00e8re et au-del\u00e0 : institutions nationales et internationales, acteurs politiques, syndicaux et \u00e9conomiques, soci\u00e9t\u00e9 civile, et plus encore, familles marocaines et l&#8217;ensemble des r\u00e9sidents \u00e9trangers.<\/p>\n\n\n\n<p>Aussi, avons-Nous la conviction que tu ne m\u00e9nageras aucun effort pour veiller scrupuleusement au plein succ\u00e8s de cette op\u00e9ration d&#8217;envergure nationale qui exige, au-del\u00e0 de la large mobilisation d&#8217;importantes ressources humaines et logistiques, un engagement et une coordination \u00e9troite et efficace de toutes les administrations publiques, des \u00e9tablissements publics, des services d\u00e9concentr\u00e9s ainsi que des autorit\u00e9s et des collectivit\u00e9s territoriales, r\u00e9gionales, provinciales et locales.<\/p>\n\n\n\n<p>\u00c0 cet \u00e9gard, Nous appelons le ministre de l&#8217;int\u00e9rieur, le Haut Commissaire au Plan et l&#8217;ensemble des walis et gouverneurs \u00e0 veiller \u00e0 une organisation op\u00e9rationnelle optimale de ce recensement dans le respect des d\u00e9lais impartis et en \u00e9troite coordination avec les autres intervenants sur le terrain.<\/p>\n\n\n\n<p>Pour la pleine r\u00e9ussite de l&#8217;op\u00e9ration de recensement g\u00e9n\u00e9ral, Nous exhortons Nos fid\u00e8les citoyens \u00e0 faire preuve, comme \u00e0 l&#8217;accoutum\u00e9e, d&#8217;une totale coop\u00e9ration et d&#8217;une participation active \u00e0 cet exercice d&#8217;int\u00e9r\u00eat g\u00e9n\u00e9ral en fournissant des informations fiables et pr\u00e9cises. Par ailleurs, Nous invitons le Haut-commissariat au plan, d\u00e8s l&#8217;ach\u00e8vement de la collecte des donn\u00e9es, d&#8217;assurer avec diligence leur traitement et leur analyse en veillant \u00e0 ce que les r\u00e9sultats soient accessibles et utilisables par les d\u00e9cideurs et les acteurs concern\u00e9s dans les meilleurs d\u00e9lais.<\/p>\n\n\n\n<p>Cette c\u00e9l\u00e9rit\u00e9 dans l&#8217;exploitation des donn\u00e9es permettra, entre autres, l&#8217;identification rapide des tendances \u00e9mergentes en vue de l&#8217;\u00e9laboration des politiques publiques pertinentes et de l&#8217;adaptation de divers programmes au bien de notre Nation et au bien-\u00eatre de notre peuple.<\/p>\n\n\n\n<p>Notre d\u00e9vou\u00e9 serviteur, Fasse le Tr\u00e8s-Haut que le succ\u00e8s t&#8217;accompagne\u00bb.<\/p>\n","protected":false},"excerpt":{"rendered":"<p>S.M. le Roi Mohammed VI a adress\u00e9 hier une Lettre au Chef du Gouvernement au sujet du 7\u00e8me recensement g\u00e9n\u00e9ral de la population et de l\u2019habitat, qui sera organis\u00e9 vers la fin de l&#8217;\u00e9t\u00e9 de l\u2019ann\u00e9e en cours. En voici le texte int\u00e9gral, tel qu\u2019il est relay\u00e9 par la MAP&nbsp;: \u00abLouange \u00e0 Dieu. Pri\u00e8re et &hellip;<\/p>\n","protected":false},"author":9,"featured_media":29232,"comment_status":"open","ping_status":"closed","sticky":false,"template":"","format":"standard","meta":{"footnotes":""},"categories":[503],"tags":[],"class_list":["post-29237","post","type-post","status-publish","format-standard","has-post-thumbnail","hentry","category-recensement"],"_links":{"self":[{"href":"https:\/\/letempsmag.ma\/index.php?rest_route=\/wp\/v2\/posts\/29237","targetHints":{"allow":["GET"]}}],"collection":[{"href":"https:\/\/letempsmag.ma\/index.php?rest_route=\/wp\/v2\/posts"}],"about":[{"href":"https:\/\/letempsmag.ma\/index.php?rest_route=\/wp\/v2\/types\/post"}],"author":[{"embeddable":true,"href":"https:\/\/letempsmag.ma\/index.php?rest_route=\/wp\/v2\/users\/9"}],"replies":[{"embeddable":true,"href":"https:\/\/letempsmag.ma\/index.php?rest_route=%2Fwp%2Fv2%2Fcomments&post=29237"}],"version-history":[{"count":1,"href":"https:\/\/letempsmag.ma\/index.php?rest_route=\/wp\/v2\/posts\/29237\/revisions"}],"predecessor-version":[{"id":29238,"href":"https:\/\/letempsmag.ma\/index.php?rest_route=\/wp\/v2\/posts\/29237\/revisions\/29238"}],"wp:featuredmedia":[{"embeddable":true,"href":"https:\/\/letempsmag.ma\/index.php?rest_route=\/wp\/v2\/media\/29232"}],"wp:attachment":[{"href":"https:\/\/letempsmag.ma\/index.php?rest_route=%2Fwp%2Fv2%2Fmedia&parent=29237"}],"wp:term":[{"taxonomy":"category","embeddable":true,"href":"https:\/\/letempsmag.ma\/index.php?rest_route=%2Fwp%2Fv2%2Fcategories&post=29237"},{"taxonomy":"post_tag","embeddable":true,"href":"https:\/\/letempsmag.ma\/index.php?rest_route=%2Fwp%2Fv2%2Ftags&post=29237"}],"curies":[{"name":"wp","href":"https:\/\/api.w.org\/{rel}","templated":true}]}}