{"id":29231,"date":"2024-06-21T11:46:08","date_gmt":"2024-06-21T10:46:08","guid":{"rendered":"https:\/\/letempsmag.ma\/?p=29231"},"modified":"2024-06-21T11:46:58","modified_gmt":"2024-06-21T10:46:58","slug":"la-finalite-de-cette-7eme-operation-etendue-a-de-nouveaux-perimetres","status":"publish","type":"post","link":"https:\/\/letempsmag.ma\/?p=29231","title":{"rendered":"La finalit\u00e9 de cette 7\u00e8me op\u00e9ration \u00e9tendue \u00e0 de nouveaux p\u00e9rim\u00e8tres"},"content":{"rendered":"\n<p>Le Souverain a donn\u00e9 ses hautes instructions pour que les r\u00e9sultats du prochain recensement g\u00e9n\u00e9ral de la population et de l\u2019habitat soient trait\u00e9s et analys\u00e9s de mani\u00e8re diligente pour en faire un outil structurant des politiques publiques \u00e0 l\u2019\u00e9chelle nationale et locale. Cette op\u00e9ration, qui sera organis\u00e9e \u00e0 la fin de l\u2019\u00e9t\u00e9 de l\u2019ann\u00e9e en cours, constitue une aide pr\u00e9cieuse \u00e0 la concr\u00e9tisation de notre projet de soci\u00e9t\u00e9 et au bon d\u00e9ploiement de notre mod\u00e8le de d\u00e9veloppement.<\/p>\n\n\n\n<p>Dans la Lettre adress\u00e9e au Chef du Gouvernement, Aziz Akhannouch, au sujet du 7<sup>\u00e8me<\/sup> Recensement g\u00e9n\u00e9ral de la population et de l\u2019habitat, le Souverain a indiqu\u00e9 que le renouvellement p\u00e9riodique de cette op\u00e9ration, \u00e0 intervalle r\u00e9gulier tous les dix ans, \u00abConstitue un choix judicieux qui nous permet d&#8217;\u00eatre mieux arm\u00e9s pour saisir avec justesse l&#8217;\u00e9volution d\u00e9mographique et socio-\u00e9conomique du pays, anticiper les besoins changeants de nos citoyens et \u00e9laborer des politiques pertinentes en cons\u00e9quence\u00bb.<\/p>\n\n\n\n<p>Le Recensement g\u00e9n\u00e9ral de la population et de l\u2019habitat est \u00abUne op\u00e9ration qui, par la multitude et l&#8217;importance des donn\u00e9es et des indicateurs qu&#8217;elle g\u00e9n\u00e8re, constitue une aide pr\u00e9cieuse \u00e0 la concr\u00e9tisation de notre projet de soci\u00e9t\u00e9 et au bon d\u00e9ploiement de notre mod\u00e8le de d\u00e9veloppement, b\u00e2tis sur les principes de d\u00e9mocratie politique, d&#8217;efficacit\u00e9 \u00e9conomique, de d\u00e9veloppement humain et de coh\u00e9sion sociale et territoriale\u00bb, rappelle S.M. le Roi Mohammed VI.<\/p>\n\n\n\n<p><strong><em>Un recensement au champ \u00e9largi \u00e0 de nouvelles th\u00e9matiques, notamment la protection sociale<\/em><\/strong><\/p>\n\n\n\n<p>Cette nouvelle op\u00e9ration de Recensement g\u00e9n\u00e9ral de la population et de l\u2019habitat, la 7<sup>\u00e8me<\/sup> depuis 1960, se veut novatrice et ambitieuse. \u00abNovatrice par l&#8217;approche et les moyens technologiques qui seront mobilis\u00e9s pour la collecte et le traitement de l&#8217;information. Ambitieuse par l&#8217;\u00e9largissement des champs d&#8217;investigation \u00e0 de nouvelles th\u00e9matiques qui nous tiennent \u00e0 c\u0153ur dont notamment le projet soci\u00e9tal structurant de la protection sociale\u00bb, souligne le Souverain. Ainsi, les donn\u00e9es issues du recensement permettront d\u2019actualiser les donn\u00e9es socio\u00e9conomiques des m\u00e9nages, pour une meilleure efficience des politiques publiques dans le domaine.<\/p>\n\n\n\n<p><strong><em>Une op\u00e9ration d\u2019une importance strat\u00e9gique qui int\u00e9resse la Nation enti\u00e8re<\/em><\/strong><\/p>\n\n\n\n<p>S.M. le Roi Mohammed VI a mis l\u2019accent sur l&#8217;importance strat\u00e9gique de cet \u00e9v\u00e8nement d\u00e9cennal qui int\u00e9resse la nation toute enti\u00e8re et au-del\u00e0 : institutions nationales et internationales, acteurs politiques, syndicaux et \u00e9conomiques, soci\u00e9t\u00e9 civile, et plus encore, familles marocaines et l&#8217;ensemble des r\u00e9sidents \u00e9trangers. Le Souverain a fait observer que cette op\u00e9ration exige, au-del\u00e0 de la large mobilisation d&#8217;importantes ressources humaines et logistiques, un engagement et une coordination \u00e9troite et efficace de toutes les administrations publiques, des \u00e9tablissements publics, des services d\u00e9concentr\u00e9s ainsi que des autorit\u00e9s et des collectivit\u00e9s territoriales, r\u00e9gionales, provinciales et locales.<\/p>\n\n\n\n<p><strong><em>Une organisation op\u00e9rationnelle optimale et une participation active des citoyens<\/em><\/strong><\/p>\n\n\n\n<p>Le Souverain a appel\u00e9 le ministre de l&#8217;Int\u00e9rieur, le Haut Commissaire au Plan et l&#8217;ensemble des walis et gouverneurs \u00e0 veiller \u00e0 une organisation op\u00e9rationnelle optimale de ce recensement dans le respect des d\u00e9lais impartis et en \u00e9troite coordination avec les autres intervenants sur le terrain, exhortant, par la m\u00eame occasion, les citoyens \u00e0 faire preuve, comme \u00e0 l&#8217;accoutum\u00e9e, d&#8217;une totale coop\u00e9ration et d&#8217;une participation active \u00e0 cet exercice d&#8217;int\u00e9r\u00eat g\u00e9n\u00e9ral en fournissant des informations fiables et pr\u00e9cises.<\/p>\n\n\n\n<p>S.M. le Roi Mohammed VI a \u00e9galement invit\u00e9 le Haut Commissariat au Plan, d\u00e8s l&#8217;ach\u00e8vement de la collecte des donn\u00e9es, d&#8217;assurer avec diligence leur traitement et leur analyse en veillant \u00e0 ce que les r\u00e9sultats soient accessibles et utilisables par les d\u00e9cideurs et les acteurs concern\u00e9s dans les meilleurs d\u00e9lais. \u00abCette c\u00e9l\u00e9rit\u00e9 dans l&#8217;exploitation des donn\u00e9es permettra, entre autres, l&#8217;identification rapide des tendances \u00e9mergentes en vue de l&#8217;\u00e9laboration des politiques publiques pertinentes et de l&#8217;adaptation de divers programmes au bien de notre Nation et au bien-\u00eatre de notre peuple\u00bb, pr\u00e9cise le Souverain.<\/p>\n","protected":false},"excerpt":{"rendered":"<p>Le Souverain a donn\u00e9 ses hautes instructions pour que les r\u00e9sultats du prochain recensement g\u00e9n\u00e9ral de la population et de l\u2019habitat soient trait\u00e9s et analys\u00e9s de mani\u00e8re diligente pour en faire un outil structurant des politiques publiques \u00e0 l\u2019\u00e9chelle nationale et locale. Cette op\u00e9ration, qui sera organis\u00e9e \u00e0 la fin de l\u2019\u00e9t\u00e9 de l\u2019ann\u00e9e en &hellip;<\/p>\n","protected":false},"author":9,"featured_media":29236,"comment_status":"open","ping_status":"closed","sticky":false,"template":"","format":"standard","meta":{"footnotes":""},"categories":[503],"tags":[],"class_list":["post-29231","post","type-post","status-publish","format-standard","has-post-thumbnail","hentry","category-recensement"],"_links":{"self":[{"href":"https:\/\/letempsmag.ma\/index.php?rest_route=\/wp\/v2\/posts\/29231","targetHints":{"allow":["GET"]}}],"collection":[{"href":"https:\/\/letempsmag.ma\/index.php?rest_route=\/wp\/v2\/posts"}],"about":[{"href":"https:\/\/letempsmag.ma\/index.php?rest_route=\/wp\/v2\/types\/post"}],"author":[{"embeddable":true,"href":"https:\/\/letempsmag.ma\/index.php?rest_route=\/wp\/v2\/users\/9"}],"replies":[{"embeddable":true,"href":"https:\/\/letempsmag.ma\/index.php?rest_route=%2Fwp%2Fv2%2Fcomments&post=29231"}],"version-history":[{"count":1,"href":"https:\/\/letempsmag.ma\/index.php?rest_route=\/wp\/v2\/posts\/29231\/revisions"}],"predecessor-version":[{"id":29233,"href":"https:\/\/letempsmag.ma\/index.php?rest_route=\/wp\/v2\/posts\/29231\/revisions\/29233"}],"wp:featuredmedia":[{"embeddable":true,"href":"https:\/\/letempsmag.ma\/index.php?rest_route=\/wp\/v2\/media\/29236"}],"wp:attachment":[{"href":"https:\/\/letempsmag.ma\/index.php?rest_route=%2Fwp%2Fv2%2Fmedia&parent=29231"}],"wp:term":[{"taxonomy":"category","embeddable":true,"href":"https:\/\/letempsmag.ma\/index.php?rest_route=%2Fwp%2Fv2%2Fcategories&post=29231"},{"taxonomy":"post_tag","embeddable":true,"href":"https:\/\/letempsmag.ma\/index.php?rest_route=%2Fwp%2Fv2%2Ftags&post=29231"}],"curies":[{"name":"wp","href":"https:\/\/api.w.org\/{rel}","templated":true}]}}