{"id":29216,"date":"2024-06-20T11:44:02","date_gmt":"2024-06-20T10:44:02","guid":{"rendered":"https:\/\/letempsmag.ma\/?p=29216"},"modified":"2024-06-20T11:44:03","modified_gmt":"2024-06-20T10:44:03","slug":"nouvelle-procedure-de-visa-pour-les-marocains-diplomes-en-france","status":"publish","type":"post","link":"https:\/\/letempsmag.ma\/?p=29216","title":{"rendered":"Nouvelle proc\u00e9dure de visa pour les Marocains dipl\u00f4m\u00e9s en France"},"content":{"rendered":"\n<p>Les Marocains titulaires d&#8217;un dipl\u00f4me de l&#8217;enseignement sup\u00e9rieur fran\u00e7ais b\u00e9n\u00e9ficieront d\u00e9sormais d&#8217;une proc\u00e9dure simplifi\u00e9e pour obtenir un visa. L&#8217;ambassade de France a, en effet, annonc\u00e9 lundi dernier, via une vid\u00e9o sur les r\u00e9seaux sociaux, que des cr\u00e9neaux horaires sp\u00e9cifiques et un traitement privil\u00e9gi\u00e9 leur seront r\u00e9serv\u00e9s pour leurs demandes de visa. Si leurs dossiers sont complets, ils pourront recevoir un visa d&#8217;une dur\u00e9e allant de un \u00e0 cinq ans.<\/p>\n\n\n\n<p>Pour profiter de cette nouvelle proc\u00e9dure, il est n\u00e9cessaire de s&#8217;inscrire d&#8217;abord sur le site \u00abFrance Alumni Maroc\u00bb. Cette \u00e9tape permet aux autorit\u00e9s fran\u00e7aises de v\u00e9rifier l&#8217;authenticit\u00e9 du dipl\u00f4me. Ensuite, il faut se rendre sur le site \u00abFrance Visa\u00bb, remplir un formulaire et suivre les instructions pour \u00eatre dirig\u00e9 vers un centre TLS. La liste des documents requis est disponible sur ce m\u00eame site.<\/p>\n\n\n\n<p>\u00c0 noter qu\u2019au cours des derni\u00e8res ann\u00e9es, la France a \u00e9t\u00e9 critiqu\u00e9e au Maroc et au Maghreb pour la r\u00e9duction du nombre de visas accord\u00e9s, justifi\u00e9e par \u00abune coop\u00e9ration insuffisante\u00bb des \u00c9tats maghr\u00e9bins dans la lutte contre l&#8217;immigration irr\u00e9guli\u00e8re.<\/p>\n\n\n\n<p><strong>L. F.<\/strong><\/p>\n","protected":false},"excerpt":{"rendered":"<p>Les Marocains titulaires d&#8217;un dipl\u00f4me de l&#8217;enseignement sup\u00e9rieur fran\u00e7ais b\u00e9n\u00e9ficieront d\u00e9sormais d&#8217;une proc\u00e9dure simplifi\u00e9e pour obtenir un visa. L&#8217;ambassade de France a, en effet, annonc\u00e9 lundi dernier, via une vid\u00e9o sur les r\u00e9seaux sociaux, que des cr\u00e9neaux horaires sp\u00e9cifiques et un traitement privil\u00e9gi\u00e9 leur seront r\u00e9serv\u00e9s pour leurs demandes de visa. Si leurs dossiers sont &hellip;<\/p>\n","protected":false},"author":9,"featured_media":29217,"comment_status":"open","ping_status":"closed","sticky":false,"template":"","format":"standard","meta":{"footnotes":""},"categories":[118],"tags":[],"class_list":["post-29216","post","type-post","status-publish","format-standard","has-post-thumbnail","hentry","category-diplomatie"],"_links":{"self":[{"href":"https:\/\/letempsmag.ma\/index.php?rest_route=\/wp\/v2\/posts\/29216","targetHints":{"allow":["GET"]}}],"collection":[{"href":"https:\/\/letempsmag.ma\/index.php?rest_route=\/wp\/v2\/posts"}],"about":[{"href":"https:\/\/letempsmag.ma\/index.php?rest_route=\/wp\/v2\/types\/post"}],"author":[{"embeddable":true,"href":"https:\/\/letempsmag.ma\/index.php?rest_route=\/wp\/v2\/users\/9"}],"replies":[{"embeddable":true,"href":"https:\/\/letempsmag.ma\/index.php?rest_route=%2Fwp%2Fv2%2Fcomments&post=29216"}],"version-history":[{"count":1,"href":"https:\/\/letempsmag.ma\/index.php?rest_route=\/wp\/v2\/posts\/29216\/revisions"}],"predecessor-version":[{"id":29218,"href":"https:\/\/letempsmag.ma\/index.php?rest_route=\/wp\/v2\/posts\/29216\/revisions\/29218"}],"wp:featuredmedia":[{"embeddable":true,"href":"https:\/\/letempsmag.ma\/index.php?rest_route=\/wp\/v2\/media\/29217"}],"wp:attachment":[{"href":"https:\/\/letempsmag.ma\/index.php?rest_route=%2Fwp%2Fv2%2Fmedia&parent=29216"}],"wp:term":[{"taxonomy":"category","embeddable":true,"href":"https:\/\/letempsmag.ma\/index.php?rest_route=%2Fwp%2Fv2%2Fcategories&post=29216"},{"taxonomy":"post_tag","embeddable":true,"href":"https:\/\/letempsmag.ma\/index.php?rest_route=%2Fwp%2Fv2%2Ftags&post=29216"}],"curies":[{"name":"wp","href":"https:\/\/api.w.org\/{rel}","templated":true}]}}