{"id":29161,"date":"2024-06-14T14:21:45","date_gmt":"2024-06-14T13:21:45","guid":{"rendered":"https:\/\/letempsmag.ma\/?p=29161"},"modified":"2024-06-14T14:21:46","modified_gmt":"2024-06-14T13:21:46","slug":"les-precieux-conseils-dautoroutes-du-maroc","status":"publish","type":"post","link":"https:\/\/letempsmag.ma\/?p=29161","title":{"rendered":"Les pr\u00e9cieux conseils d\u2019Autoroutes du Maroc"},"content":{"rendered":"\n<p>\u00c0 la veille de l\u2019A\u00efd Al Adha, la soci\u00e9t\u00e9 nationale des Autoroutes du Maroc (ADM) informe les usagers de l\u2019autoroute que l\u2019ensemble du r\u00e9seau autoroutier national conna\u00eetra une mont\u00e9e de trafic importante, particuli\u00e8rement pendant les plages horaires suivantes&nbsp;:<\/p>\n\n\n\n<p>&#8211; Les vendredi 14, samedi 15 et dimanche 16 juin, entre 15h et 22h.<\/p>\n\n\n\n<p>&#8211; Le mardi 18 juin, qui co\u00efncidera avec les retours des vacances de l\u2019A\u00efd Al Adha, entre 16h et 22h.<\/p>\n\n\n\n<p>Pour un voyage s\u00e9curis\u00e9 et confortable, ADM recommande aux usagers ce qui suit&nbsp;:<\/p>\n\n\n\n<p>&#8211; Organiser au pr\u00e9alable ses voyages et se renseigner sur l\u2019\u00e9tat instantan\u00e9 du trafic en t\u00e9l\u00e9chargeant l\u2019application \u00abADM Trafic\u00bb.<\/p>\n\n\n\n<p>&#8211; Rester attentif aux alertes m\u00e9t\u00e9orologiques et faire preuve de vigilance en cas de rafales de vent, de pluies ou de brouillard. Les usagers de l\u2019axe autoroutier Taza-Oujda sont particuli\u00e8rement appel\u00e9s \u00e0 prendre les pr\u00e9cautions n\u00e9cessaires suite \u00e0 l\u2019annonce par la Direction G\u00e9n\u00e9rale de la M\u00e9t\u00e9orologie, de fortes rafales de vent avec chasse-poussi\u00e8res locales, et ce, le samedi 15 juin de 10h \u00e0 19h.<\/p>\n\n\n\n<p>&#8211; Prendre des pauses toutes les deux heures.<\/p>\n\n\n\n<p>&#8211; V\u00e9rifier l\u2019\u00e9tat m\u00e9canique de son v\u00e9hicule, notamment le contr\u00f4le des pneus.<\/p>\n\n\n\n<p>&#8211; Ne pas occuper la Bande d&#8217;Arr\u00eat d&#8217;Urgence, sauf en cas d\u2019extr\u00eame urgence.<\/p>\n\n\n\n<p>&#8211; V\u00e9rifier le solde restant sur le \u00abPass Jawaz\u00bb et proc\u00e9der \u00e0 sa recharge avant d\u2019emprunter l\u2019autoroute. L\u2019objectif&nbsp;: \u00e9viter les files d\u2019attente et les man\u0153uvres dues \u00e0 la d\u00e9couverte du solde \u00e9puis\u00e9, au moment du passage dans la voie automatique.<\/p>\n\n\n\n<p>De son c\u00f4t\u00e9, pour g\u00e9rer le trafic important que conna\u00eet cette p\u00e9riode et offrir un voyage s\u00e9curis\u00e9 et agr\u00e9able aux usagers de l\u2019autoroute, comme lors des p\u00e9riodes exceptionnelles, ADM s\u2019organise en mode vigilance totale consistant notamment au renforcement des \u00e9quipes charg\u00e9es de la gestion du trafic, de l\u2019assistance, de la maintenance anticip\u00e9e des \u00e9quipements et de l\u2019entretien de l\u2019infrastructure, ainsi que le renforcement de la communication avec l\u2019usager et l\u2019\u00e9troite collaboration avec tous les intervenants sur le r\u00e9seau autoroutier national.<\/p>\n\n\n\n<p>ADM souhaite un A\u00efd Al Adha Moubarak Sa\u00efd \u00e0 tous les usagers.<\/p>\n","protected":false},"excerpt":{"rendered":"<p>\u00c0 la veille de l\u2019A\u00efd Al Adha, la soci\u00e9t\u00e9 nationale des Autoroutes du Maroc (ADM) informe les usagers de l\u2019autoroute que l\u2019ensemble du r\u00e9seau autoroutier national conna\u00eetra une mont\u00e9e de trafic importante, particuli\u00e8rement pendant les plages horaires suivantes&nbsp;: &#8211; Les vendredi 14, samedi 15 et dimanche 16 juin, entre 15h et 22h. &#8211; Le mardi &hellip;<\/p>\n","protected":false},"author":9,"featured_media":29163,"comment_status":"open","ping_status":"closed","sticky":false,"template":"","format":"standard","meta":{"footnotes":""},"categories":[1309],"tags":[],"class_list":["post-29161","post","type-post","status-publish","format-standard","has-post-thumbnail","hentry","category-aid-al-adha-2"],"_links":{"self":[{"href":"https:\/\/letempsmag.ma\/index.php?rest_route=\/wp\/v2\/posts\/29161","targetHints":{"allow":["GET"]}}],"collection":[{"href":"https:\/\/letempsmag.ma\/index.php?rest_route=\/wp\/v2\/posts"}],"about":[{"href":"https:\/\/letempsmag.ma\/index.php?rest_route=\/wp\/v2\/types\/post"}],"author":[{"embeddable":true,"href":"https:\/\/letempsmag.ma\/index.php?rest_route=\/wp\/v2\/users\/9"}],"replies":[{"embeddable":true,"href":"https:\/\/letempsmag.ma\/index.php?rest_route=%2Fwp%2Fv2%2Fcomments&post=29161"}],"version-history":[{"count":1,"href":"https:\/\/letempsmag.ma\/index.php?rest_route=\/wp\/v2\/posts\/29161\/revisions"}],"predecessor-version":[{"id":29164,"href":"https:\/\/letempsmag.ma\/index.php?rest_route=\/wp\/v2\/posts\/29161\/revisions\/29164"}],"wp:featuredmedia":[{"embeddable":true,"href":"https:\/\/letempsmag.ma\/index.php?rest_route=\/wp\/v2\/media\/29163"}],"wp:attachment":[{"href":"https:\/\/letempsmag.ma\/index.php?rest_route=%2Fwp%2Fv2%2Fmedia&parent=29161"}],"wp:term":[{"taxonomy":"category","embeddable":true,"href":"https:\/\/letempsmag.ma\/index.php?rest_route=%2Fwp%2Fv2%2Fcategories&post=29161"},{"taxonomy":"post_tag","embeddable":true,"href":"https:\/\/letempsmag.ma\/index.php?rest_route=%2Fwp%2Fv2%2Ftags&post=29161"}],"curies":[{"name":"wp","href":"https:\/\/api.w.org\/{rel}","templated":true}]}}