{"id":29105,"date":"2024-06-11T12:30:06","date_gmt":"2024-06-11T11:30:06","guid":{"rendered":"https:\/\/letempsmag.ma\/?p=29105"},"modified":"2024-06-11T12:30:07","modified_gmt":"2024-06-11T11:30:07","slug":"orange-maroc-et-le-ministere-de-leducation-nationale-boostent-le-projet-super-codeur","status":"publish","type":"post","link":"https:\/\/letempsmag.ma\/?p=29105","title":{"rendered":"Orange Maroc et le minist\u00e8re de l&#8217;\u00c9ducation nationale boostent le projet \u00abSuper Codeur\u00bb"},"content":{"rendered":"\n<p>Un partenariat entre le minist\u00e8re de l&#8217;\u00c9ducation nationale, du Pr\u00e9scolaire et des Sports et Orange Maroc a \u00e9t\u00e9 lanc\u00e9 d\u00e8s 2018 en vue de transformer le paysage \u00e9ducatif digital au Maroc. \u00c0 ce jour, il a permis d\u2019initier pr\u00e8s de 100.000 \u00e9l\u00e8ves \u00e0 la programmation. \u00c0 travers ce partenariat, Orange Maroc souhaite confirmer son engagement continu en faveur de l\u2019inclusion num\u00e9rique, la stimulation de l\u2019innovation et sa contribution \u00e0 la d\u00e9mocratisation de l\u2019acc\u00e8s aux nouvelles technologies pour tous.<\/p>\n\n\n\n<p>Au cours de l&#8217;ann\u00e9e scolaire 2023-2024, une formation en ligne a \u00e9t\u00e9 dispens\u00e9e \u00e0 1.500 enseignants, permettant \u00e0 50.000 \u00e9l\u00e8ves. De plus, 12 hackathons r\u00e9gionaux ont \u00e9t\u00e9 organis\u00e9s entre avril et juin par les Acad\u00e9mies R\u00e9gionales d&#8217;\u00c9ducation et de Formation (AREF), avec la participation de b\u00e9n\u00e9voles de Orange Maroc et des coachs de Happy Coder Academy, qui avaient pr\u00e9alablement assur\u00e9 les formations en ligne. Ces \u00e9v\u00e9nements ont rassembl\u00e9 des \u00e9l\u00e8ves repr\u00e9sentant toutes les Directions Provinciales (DP), visant \u00e0 s\u00e9lectionner le bin\u00f4me repr\u00e9sentant chaque AREF au Hackathon national.<\/p>\n\n\n\n<p>Chakib Benmoussa, Ministre de l&#8217;\u00c9ducation nationale, et Hendrik Kasteel, Directeur G\u00e9n\u00e9ral d\u2019Orange Maroc, ont assist\u00e9 hier au d\u00e9roulement du hackakthon national \u00e0 l\u2019Orange Digital Center, qui a mis au d\u00e9fi 12 \u00e9quipes repr\u00e9sentantes de chaque r\u00e9gion afin de s\u00e9lectionner l\u2019\u00e9quipe gagnante par le jury.<\/p>\n\n\n\n<p>Le projet \u00abSuper Codeur\u00bb se donne pour mission de soutenir l\u2019utilisation des nouvelles technologies par les \u00e9l\u00e8ves, vise \u00e0 assurer l&#8217;\u00e9galit\u00e9 d&#8217;acc\u00e8s \u00e0 celles-ci pour la population scolaire, contribuant ainsi au d\u00e9veloppement social et cognitif des \u00e9l\u00e8ves b\u00e9n\u00e9ficiaires. Cette initiative s&#8217;inscrit en droite ligne avec la feuille de route 2022-2026 pour une \u00e9cole publique de qualit\u00e9, port\u00e9e par le minist\u00e8re de l&#8217;\u00c9ducation nationale, du Pr\u00e9scolaire et des Sports, et se positionne comme un pilier important pour l&#8217;\u00e9ducation digitale au Maroc.&nbsp;<\/p>\n","protected":false},"excerpt":{"rendered":"<p>Un partenariat entre le minist\u00e8re de l&#8217;\u00c9ducation nationale, du Pr\u00e9scolaire et des Sports et Orange Maroc a \u00e9t\u00e9 lanc\u00e9 d\u00e8s 2018 en vue de transformer le paysage \u00e9ducatif digital au Maroc. \u00c0 ce jour, il a permis d\u2019initier pr\u00e8s de 100.000 \u00e9l\u00e8ves \u00e0 la programmation. \u00c0 travers ce partenariat, Orange Maroc souhaite confirmer son engagement &hellip;<\/p>\n","protected":false},"author":9,"featured_media":29106,"comment_status":"open","ping_status":"closed","sticky":false,"template":"","format":"standard","meta":{"footnotes":""},"categories":[1306],"tags":[],"class_list":["post-29105","post","type-post","status-publish","format-standard","has-post-thumbnail","hentry","category-coding"],"_links":{"self":[{"href":"https:\/\/letempsmag.ma\/index.php?rest_route=\/wp\/v2\/posts\/29105","targetHints":{"allow":["GET"]}}],"collection":[{"href":"https:\/\/letempsmag.ma\/index.php?rest_route=\/wp\/v2\/posts"}],"about":[{"href":"https:\/\/letempsmag.ma\/index.php?rest_route=\/wp\/v2\/types\/post"}],"author":[{"embeddable":true,"href":"https:\/\/letempsmag.ma\/index.php?rest_route=\/wp\/v2\/users\/9"}],"replies":[{"embeddable":true,"href":"https:\/\/letempsmag.ma\/index.php?rest_route=%2Fwp%2Fv2%2Fcomments&post=29105"}],"version-history":[{"count":1,"href":"https:\/\/letempsmag.ma\/index.php?rest_route=\/wp\/v2\/posts\/29105\/revisions"}],"predecessor-version":[{"id":29107,"href":"https:\/\/letempsmag.ma\/index.php?rest_route=\/wp\/v2\/posts\/29105\/revisions\/29107"}],"wp:featuredmedia":[{"embeddable":true,"href":"https:\/\/letempsmag.ma\/index.php?rest_route=\/wp\/v2\/media\/29106"}],"wp:attachment":[{"href":"https:\/\/letempsmag.ma\/index.php?rest_route=%2Fwp%2Fv2%2Fmedia&parent=29105"}],"wp:term":[{"taxonomy":"category","embeddable":true,"href":"https:\/\/letempsmag.ma\/index.php?rest_route=%2Fwp%2Fv2%2Fcategories&post=29105"},{"taxonomy":"post_tag","embeddable":true,"href":"https:\/\/letempsmag.ma\/index.php?rest_route=%2Fwp%2Fv2%2Ftags&post=29105"}],"curies":[{"name":"wp","href":"https:\/\/api.w.org\/{rel}","templated":true}]}}