{"id":2909,"date":"2021-05-08T12:16:56","date_gmt":"2021-05-08T12:16:56","guid":{"rendered":"https:\/\/letempsmag.ma\/?p=2909"},"modified":"2021-05-08T12:16:57","modified_gmt":"2021-05-08T12:16:57","slug":"les-vols-reprennent-sous-conditions-pour-les-marocains-bloques-a-letranger","status":"publish","type":"post","link":"https:\/\/letempsmag.ma\/?p=2909","title":{"rendered":"Les vols reprennent sous conditions pour les Marocains bloqu\u00e9s \u00e0 l\u2019\u00e9tranger"},"content":{"rendered":"\n<p>Les autorit\u00e9s viennent de rendre publiques les conditions de retour par avion des ressortissants marocains bloqu\u00e9s \u00e0 l\u2019\u00e9tranger \u00e0 partir de ce samedi 8 mai. C\u2019est ce que rapporte notre confr\u00e8re L\u2019Economiste, expliquant que les passagers devront remplir une d\u00e9claration sur l\u2019honneur selon un mod\u00e8le \u00e9tabli par l\u2019administration. Ils devront \u00e9galement pr\u00e9senter un test \u00abPCR\u00bb n\u00e9gatif de moins de 48 heures, une copie de l\u2019autorisation de sortie du territoire national, une preuve de r\u00e9servation et de paiement dans l\u2019un des six h\u00f4tels dont la liste a \u00e9t\u00e9 arr\u00eat\u00e9e par les pouvoirs publics&nbsp;: Onomo Nouaceur, Atlas Nouaceur, Onomo Bd Al Massira, Ibis Casa Port, Ibis Abdelmoumen et Delta Atlas Bd Mohammed V.<\/p>\n\n\n\n<p>Notre confr\u00e8re rappelle aussi qu\u2019au moment de la vente des billets et de l\u2019enregistrement, les compagnies a\u00e9riennes devront s\u2019assurer que les documents sont conformes et devront \u00e9galement transmettre \u00e0 leur repr\u00e9sentation \u00e0 l\u2019a\u00e9roport de Casablanca la liste des passagers concern\u00e9s par cette proc\u00e9dure. La d\u00e9claration sur l\u2019honneur porte sur l\u2019\u00e9tat de sant\u00e9 des passagers 48 heures avant leur embarquement et un engagement \u00e0 respecter les mesures sanitaires, \u00e0 observer une quarantaine d\u2019une dizaine de jours et \u00e0 effectuer un deuxi\u00e8me test \u00abPCR\u00bb 24 heures avant la fin de la p\u00e9riode d\u2019isolement. (Photo&nbsp;: LesEco.ma).<\/p>\n","protected":false},"excerpt":{"rendered":"<p>Les autorit\u00e9s viennent de rendre publiques les conditions de retour par avion des ressortissants marocains bloqu\u00e9s \u00e0 l\u2019\u00e9tranger \u00e0 partir de ce samedi 8 mai. C\u2019est ce que rapporte notre confr\u00e8re L\u2019Economiste, expliquant que les passagers devront remplir une d\u00e9claration sur l\u2019honneur selon un mod\u00e8le \u00e9tabli par l\u2019administration. Ils devront \u00e9galement pr\u00e9senter un test \u00abPCR\u00bb &hellip;<\/p>\n","protected":false},"author":9,"featured_media":2910,"comment_status":"open","ping_status":"closed","sticky":false,"template":"","format":"standard","meta":{"footnotes":""},"categories":[53],"tags":[],"class_list":["post-2909","post","type-post","status-publish","format-standard","has-post-thumbnail","hentry","category-aerien"],"_links":{"self":[{"href":"https:\/\/letempsmag.ma\/index.php?rest_route=\/wp\/v2\/posts\/2909","targetHints":{"allow":["GET"]}}],"collection":[{"href":"https:\/\/letempsmag.ma\/index.php?rest_route=\/wp\/v2\/posts"}],"about":[{"href":"https:\/\/letempsmag.ma\/index.php?rest_route=\/wp\/v2\/types\/post"}],"author":[{"embeddable":true,"href":"https:\/\/letempsmag.ma\/index.php?rest_route=\/wp\/v2\/users\/9"}],"replies":[{"embeddable":true,"href":"https:\/\/letempsmag.ma\/index.php?rest_route=%2Fwp%2Fv2%2Fcomments&post=2909"}],"version-history":[{"count":1,"href":"https:\/\/letempsmag.ma\/index.php?rest_route=\/wp\/v2\/posts\/2909\/revisions"}],"predecessor-version":[{"id":2911,"href":"https:\/\/letempsmag.ma\/index.php?rest_route=\/wp\/v2\/posts\/2909\/revisions\/2911"}],"wp:featuredmedia":[{"embeddable":true,"href":"https:\/\/letempsmag.ma\/index.php?rest_route=\/wp\/v2\/media\/2910"}],"wp:attachment":[{"href":"https:\/\/letempsmag.ma\/index.php?rest_route=%2Fwp%2Fv2%2Fmedia&parent=2909"}],"wp:term":[{"taxonomy":"category","embeddable":true,"href":"https:\/\/letempsmag.ma\/index.php?rest_route=%2Fwp%2Fv2%2Fcategories&post=2909"},{"taxonomy":"post_tag","embeddable":true,"href":"https:\/\/letempsmag.ma\/index.php?rest_route=%2Fwp%2Fv2%2Ftags&post=2909"}],"curies":[{"name":"wp","href":"https:\/\/api.w.org\/{rel}","templated":true}]}}