{"id":29088,"date":"2024-06-10T13:50:56","date_gmt":"2024-06-10T12:50:56","guid":{"rendered":"https:\/\/letempsmag.ma\/?p=29088"},"modified":"2024-06-10T13:50:57","modified_gmt":"2024-06-10T12:50:57","slug":"lum6p-accueille-le-forum-de-paris-sur-la-paix-delocalise-pour-la-premiere-fois","status":"publish","type":"post","link":"https:\/\/letempsmag.ma\/?p=29088","title":{"rendered":"L\u2019UM6P accueille le Forum de Paris sur la Paix, d\u00e9localis\u00e9 pour la premi\u00e8re fois"},"content":{"rendered":"\n<p>Programm\u00e9 pour aujourd\u2019hui, lundi 10 juin, sur le campus de l&#8217;UM6P \u00e0 Benguerir, la R\u00e9union de printemps 2024 du Forum de Paris sur la Paix, en partenariat avec l&#8217;UM6P, est un jalon historique, \u00e9tant la premi\u00e8re fois que cet \u00e9v\u00e9nement se d\u00e9roule en Afrique, et en terre marocaine de surcro\u00eet. Cet \u00e9v\u00e9nement marque une expansion significative du Forum vers de nouveaux horizons. Justin Va\u00efsse, Directeur G\u00e9n\u00e9ral du Forum de Paris sur la Paix, souligne l&#8217;importance de cette collaboration Nord-Sud dans la lutte contre les d\u00e9fis mondiaux actuels.<\/p>\n\n\n\n<p>Cette \u00e9dition inaugurale du Forum de Paris sur la Paix en dehors de la France trouve son lieu d&#8217;accueil \u00e0 l&#8217;UM6P, marquant ainsi un engagement renouvel\u00e9 en faveur d&#8217;un dialogue constructif pour fa\u00e7onner un avenir plus \u00e9quitable et r\u00e9silient pour tous. L&#8217;UM6P s&#8217;investit pleinement dans la r\u00e9ussite de cet \u00e9v\u00e9nement, cherchant \u00e0 en faire une plateforme g\u00e9n\u00e9ratrice de solutions concr\u00e8tes pour nos nations et nos soci\u00e9t\u00e9s.<\/p>\n\n\n\n<p>L&#8217;UM6P rejoint ainsi l&#8217;Assembl\u00e9e G\u00e9n\u00e9rale de la Gouvernance du Forum de Paris sur la Paix en tant que nouvel acteur, l&#8217;objectif central de cette \u00e9dition \u00e9tant de favoriser des transitions \u00e9quitables et durables dans un contexte marqu\u00e9 par des tensions g\u00e9opolitiques croissantes, des in\u00e9galit\u00e9s grandissantes et des crises environnementales pressantes.<\/p>\n\n\n\n<p>Le Forum de Paris sur la Paix, r\u00e9union annuelle r\u00e9unissant \u00c9tats et acteurs non-\u00e9tatiques autour des enjeux de gouvernance mondiale, met cette ann\u00e9e l&#8217;accent sur le th\u00e8me des \u00abTransitions Justes\u00bb. Cette initiative Nord-Sud vise \u00e0 r\u00e9pondre aux imp\u00e9ratifs de transitions justes et durables, dans un contexte marqu\u00e9 par des tensions g\u00e9opolitiques, des in\u00e9galit\u00e9s croissantes et des crises environnementales.<\/p>\n\n\n\n<p>Les participants \u00e0 cette rencontre sont issus d&#8217;\u00c9tats, de gouvernements, d&#8217;organisations internationales, de la soci\u00e9t\u00e9 civile et du secteur priv\u00e9. Des sessions th\u00e9matiques sont organis\u00e9es, portant sur des sujets cruciaux tels que le financement climatique et le d\u00e9veloppement, les min\u00e9raux de transition, l&#8217;agriculture en Afrique, la nutrition et l&#8217;\u00e9quit\u00e9 en mati\u00e8re de sant\u00e9 mondiale. Anim\u00e9es par des experts de renom, certaines de ces sessions seront diffus\u00e9es en direct. En outre, des r\u00e9unions \u00e0 huis clos permettront des \u00e9changes approfondis sur ces enjeux. L&#8217;UM6P, le Forum de Paris sur la Paix et la Fondation Mo Ibrahim s&#8217;associent pour l\u2019organisation de ces sessions et contribuer ainsi \u00e0 progresser vers un monde plus \u00e9quitable et durable.<\/p>\n\n\n\n<p><strong>L. F.<\/strong><\/p>\n","protected":false},"excerpt":{"rendered":"<p>Programm\u00e9 pour aujourd\u2019hui, lundi 10 juin, sur le campus de l&#8217;UM6P \u00e0 Benguerir, la R\u00e9union de printemps 2024 du Forum de Paris sur la Paix, en partenariat avec l&#8217;UM6P, est un jalon historique, \u00e9tant la premi\u00e8re fois que cet \u00e9v\u00e9nement se d\u00e9roule en Afrique, et en terre marocaine de surcro\u00eet. Cet \u00e9v\u00e9nement marque une expansion &hellip;<\/p>\n","protected":false},"author":9,"featured_media":29089,"comment_status":"open","ping_status":"closed","sticky":false,"template":"","format":"standard","meta":{"footnotes":""},"categories":[204],"tags":[],"class_list":["post-29088","post","type-post","status-publish","format-standard","has-post-thumbnail","hentry","category-debat-2"],"_links":{"self":[{"href":"https:\/\/letempsmag.ma\/index.php?rest_route=\/wp\/v2\/posts\/29088","targetHints":{"allow":["GET"]}}],"collection":[{"href":"https:\/\/letempsmag.ma\/index.php?rest_route=\/wp\/v2\/posts"}],"about":[{"href":"https:\/\/letempsmag.ma\/index.php?rest_route=\/wp\/v2\/types\/post"}],"author":[{"embeddable":true,"href":"https:\/\/letempsmag.ma\/index.php?rest_route=\/wp\/v2\/users\/9"}],"replies":[{"embeddable":true,"href":"https:\/\/letempsmag.ma\/index.php?rest_route=%2Fwp%2Fv2%2Fcomments&post=29088"}],"version-history":[{"count":1,"href":"https:\/\/letempsmag.ma\/index.php?rest_route=\/wp\/v2\/posts\/29088\/revisions"}],"predecessor-version":[{"id":29090,"href":"https:\/\/letempsmag.ma\/index.php?rest_route=\/wp\/v2\/posts\/29088\/revisions\/29090"}],"wp:featuredmedia":[{"embeddable":true,"href":"https:\/\/letempsmag.ma\/index.php?rest_route=\/wp\/v2\/media\/29089"}],"wp:attachment":[{"href":"https:\/\/letempsmag.ma\/index.php?rest_route=%2Fwp%2Fv2%2Fmedia&parent=29088"}],"wp:term":[{"taxonomy":"category","embeddable":true,"href":"https:\/\/letempsmag.ma\/index.php?rest_route=%2Fwp%2Fv2%2Fcategories&post=29088"},{"taxonomy":"post_tag","embeddable":true,"href":"https:\/\/letempsmag.ma\/index.php?rest_route=%2Fwp%2Fv2%2Ftags&post=29088"}],"curies":[{"name":"wp","href":"https:\/\/api.w.org\/{rel}","templated":true}]}}