{"id":28963,"date":"2024-06-01T13:34:26","date_gmt":"2024-06-01T12:34:26","guid":{"rendered":"https:\/\/letempsmag.ma\/?p=28963"},"modified":"2024-06-01T13:34:59","modified_gmt":"2024-06-01T12:34:59","slug":"lum6p-accueille-le-1er-forum-africain-sur-lia","status":"publish","type":"post","link":"https:\/\/letempsmag.ma\/?p=28963","title":{"rendered":"L\u2019UM6P accueille le 1er Forum africain sur l\u2019IA"},"content":{"rendered":"\n<p>Sous le haut patronage de S.M. le Roi Mohammed VI et en partenariat avec l\u2019UNESCO, le \u00abHigh Level Forum on IA\u00bb, premier forum africain de haut niveau sur l&#8217;intelligence artificielle, se tiendra du 3 au 5 juin courant \u00e0 l&#8217;Universit\u00e9 Mohammed VI Polytechnique (UM6P) en son antenne de Rabat. Cet \u00e9v\u00e9nement verra la participation du Ministre de l&#8217;\u00c9ducation nationale, du Pr\u00e9scolaire et des Sports, Chakib Benmoussa, du Ministre charg\u00e9 de l&#8217;Investissement, de la Convergence et de l&#8217;Evaluation des politiques publiques, Mohcine Jazouli, de l\u2019Ambassadeur et repr\u00e9sentant permanent du Maroc aupr\u00e8s des Nations-Unies, Omar Hilale, de l\u2019Ambassadeur et Repr\u00e9sentant Permanente de l&#8217;Etat du Kowe\u00eft aupr\u00e8s de l&#8217;UNESCO Adam Al Mulla, de l\u2019Ambassadeur et Repr\u00e9sentant permanent du Maroc aupr\u00e8s de l&#8217;UNESCO, Samir Addahre, et du Sous-Directeur G\u00e9n\u00e9ral pour la Communication et l&#8217;Information de l&#8217;UNESCO, Tawfik Jelassi.<\/p>\n\n\n\n<p>Le programme du Forum comprendra, sur trois jours, des tables rondes, des ateliers, des sessions de mise en r\u00e9seau pour les start-ups et des expositions. Le Forum vise \u00e0 discuter des strat\u00e9gies et politiques pour l&#8217;IA en Afrique, partager les avanc\u00e9es dans le domaine de l&#8217;IA sur le continent, d\u00e9battre de la gouvernance de l&#8217;IA sur des th\u00e8mes cl\u00e9s, lancer des initiatives de renforcement des capacit\u00e9s pour divers groupes et faciliter les collaborations entre les centres d&#8217;IA africains et mondiaux.<\/p>\n\n\n\n<p>Il inclura \u00e9galement la signature d&#8217;un accord tripartite entre l&#8217;UNESCO, le gouvernement marocain et le Mouvement pour l&#8217;IA pour la cr\u00e9ation d&#8217;un Centre de \u00abcat\u00e9gorie 2\u00bb sous les auspices de l&#8217;UNESCO.<\/p>\n\n\n\n<p><strong>LAIDIA FAHIM<\/strong><\/p>\n","protected":false},"excerpt":{"rendered":"<p>Sous le haut patronage de S.M. le Roi Mohammed VI et en partenariat avec l\u2019UNESCO, le \u00abHigh Level Forum on IA\u00bb, premier forum africain de haut niveau sur l&#8217;intelligence artificielle, se tiendra du 3 au 5 juin courant \u00e0 l&#8217;Universit\u00e9 Mohammed VI Polytechnique (UM6P) en son antenne de Rabat. Cet \u00e9v\u00e9nement verra la participation du &hellip;<\/p>\n","protected":false},"author":9,"featured_media":28966,"comment_status":"open","ping_status":"closed","sticky":false,"template":"","format":"standard","meta":{"footnotes":""},"categories":[114],"tags":[],"class_list":["post-28963","post","type-post","status-publish","format-standard","has-post-thumbnail","hentry","category-technologies"],"_links":{"self":[{"href":"https:\/\/letempsmag.ma\/index.php?rest_route=\/wp\/v2\/posts\/28963","targetHints":{"allow":["GET"]}}],"collection":[{"href":"https:\/\/letempsmag.ma\/index.php?rest_route=\/wp\/v2\/posts"}],"about":[{"href":"https:\/\/letempsmag.ma\/index.php?rest_route=\/wp\/v2\/types\/post"}],"author":[{"embeddable":true,"href":"https:\/\/letempsmag.ma\/index.php?rest_route=\/wp\/v2\/users\/9"}],"replies":[{"embeddable":true,"href":"https:\/\/letempsmag.ma\/index.php?rest_route=%2Fwp%2Fv2%2Fcomments&post=28963"}],"version-history":[{"count":1,"href":"https:\/\/letempsmag.ma\/index.php?rest_route=\/wp\/v2\/posts\/28963\/revisions"}],"predecessor-version":[{"id":28965,"href":"https:\/\/letempsmag.ma\/index.php?rest_route=\/wp\/v2\/posts\/28963\/revisions\/28965"}],"wp:featuredmedia":[{"embeddable":true,"href":"https:\/\/letempsmag.ma\/index.php?rest_route=\/wp\/v2\/media\/28966"}],"wp:attachment":[{"href":"https:\/\/letempsmag.ma\/index.php?rest_route=%2Fwp%2Fv2%2Fmedia&parent=28963"}],"wp:term":[{"taxonomy":"category","embeddable":true,"href":"https:\/\/letempsmag.ma\/index.php?rest_route=%2Fwp%2Fv2%2Fcategories&post=28963"},{"taxonomy":"post_tag","embeddable":true,"href":"https:\/\/letempsmag.ma\/index.php?rest_route=%2Fwp%2Fv2%2Ftags&post=28963"}],"curies":[{"name":"wp","href":"https:\/\/api.w.org\/{rel}","templated":true}]}}