{"id":28879,"date":"2024-05-28T08:13:34","date_gmt":"2024-05-28T07:13:34","guid":{"rendered":"https:\/\/letempsmag.ma\/?p=28879"},"modified":"2024-05-28T08:13:35","modified_gmt":"2024-05-28T07:13:35","slug":"un-programme-eclectique-demain-au-jardin-jnan-sbil-de-fes","status":"publish","type":"post","link":"https:\/\/letempsmag.ma\/?p=28879","title":{"rendered":"Un programme \u00e9clectique demain au Jardin Jnan Sbil de F\u00e8s"},"content":{"rendered":"\n<p>Le Festival de F\u00e8s des Musiques Sacr\u00e9es du Monde se poursuit dans une tr\u00e8s belle atmosph\u00e8re festive. Le programme de la journ\u00e9e de demain, mercredi 29 mai, sera marqu\u00e9 par des repr\u00e9sentations musicales aux origines vari\u00e9es. Elles auront lieu, toutes, au Jardin Jnan Sbil.<\/p>\n\n\n\n<p>\u00c0 17h, le public aura rendez-vous avec les Harmoniques du Ciel. Les artistes Wang Li et Wu Wei, tous deux originaires de Chine, donneront ce spectacle avec pour ambition d\u2019inscrire leurs instruments mill\u00e9naires dans le 21<sup>\u00e8me<\/sup> si\u00e8cle, en prolongeant leurs racines par un souffle contemporain. Ils s\u2019y appliquent en extrayant des sonorit\u00e9s futuristes, en utilisant des techniques de jeu et d\u2019improvisation d\u2019avant-garde. C\u2019est un spectacle entre tradition et modernit\u00e9 qui promet une belle performance.<\/p>\n\n\n\n<p>Toujours au Jardin Jnan Sbil, \u00e0 21h, les amateurs assisteront au spectacle Schola Cantorum Basilensis (Suisse). Les professeurs et les \u00e9l\u00e8ves de la Schola Cantorum Basiliensis pr\u00e9senteront la musique sacr\u00e9e du 15<sup>\u00e8me<\/sup> si\u00e8cle de Gilles Binchois, ainsi que de Zacara da Teramo et Johannes Ciconia. Compos\u00e9 des c\u00e9l\u00e8bres interpr\u00e8tes et professeurs Marc Lewon et Baptiste Romain du D\u00e9partement M\u00e9di\u00e9val Renaissance, ainsi que de quatre \u00e9tudiants en chant, le spectacle mettra en sc\u00e8ne la richesse polyphonique sacr\u00e9e du 15<sup>\u00e8me<\/sup> si\u00e8cle. Un v\u00e9ritable retour dans l\u2019Europe du Moyen-\u00c2ge.<\/p>\n\n\n\n<p>Encore au Jardin Jnan Sbil, \u00e0 23h, c\u2019est la Nuit Soufie Tariqa Aissaouiya. Elle fera vibrer la sc\u00e8ne gr\u00e2ce \u00e0 une performance rythm\u00e9e et \u00e9poustouflante.<\/p>\n","protected":false},"excerpt":{"rendered":"<p>Le Festival de F\u00e8s des Musiques Sacr\u00e9es du Monde se poursuit dans une tr\u00e8s belle atmosph\u00e8re festive. Le programme de la journ\u00e9e de demain, mercredi 29 mai, sera marqu\u00e9 par des repr\u00e9sentations musicales aux origines vari\u00e9es. Elles auront lieu, toutes, au Jardin Jnan Sbil. \u00c0 17h, le public aura rendez-vous avec les Harmoniques du Ciel. &hellip;<\/p>\n","protected":false},"author":9,"featured_media":28880,"comment_status":"open","ping_status":"closed","sticky":false,"template":"","format":"standard","meta":{"footnotes":""},"categories":[889],"tags":[],"class_list":["post-28879","post","type-post","status-publish","format-standard","has-post-thumbnail","hentry","category-festival"],"_links":{"self":[{"href":"https:\/\/letempsmag.ma\/index.php?rest_route=\/wp\/v2\/posts\/28879","targetHints":{"allow":["GET"]}}],"collection":[{"href":"https:\/\/letempsmag.ma\/index.php?rest_route=\/wp\/v2\/posts"}],"about":[{"href":"https:\/\/letempsmag.ma\/index.php?rest_route=\/wp\/v2\/types\/post"}],"author":[{"embeddable":true,"href":"https:\/\/letempsmag.ma\/index.php?rest_route=\/wp\/v2\/users\/9"}],"replies":[{"embeddable":true,"href":"https:\/\/letempsmag.ma\/index.php?rest_route=%2Fwp%2Fv2%2Fcomments&post=28879"}],"version-history":[{"count":1,"href":"https:\/\/letempsmag.ma\/index.php?rest_route=\/wp\/v2\/posts\/28879\/revisions"}],"predecessor-version":[{"id":28881,"href":"https:\/\/letempsmag.ma\/index.php?rest_route=\/wp\/v2\/posts\/28879\/revisions\/28881"}],"wp:featuredmedia":[{"embeddable":true,"href":"https:\/\/letempsmag.ma\/index.php?rest_route=\/wp\/v2\/media\/28880"}],"wp:attachment":[{"href":"https:\/\/letempsmag.ma\/index.php?rest_route=%2Fwp%2Fv2%2Fmedia&parent=28879"}],"wp:term":[{"taxonomy":"category","embeddable":true,"href":"https:\/\/letempsmag.ma\/index.php?rest_route=%2Fwp%2Fv2%2Fcategories&post=28879"},{"taxonomy":"post_tag","embeddable":true,"href":"https:\/\/letempsmag.ma\/index.php?rest_route=%2Fwp%2Fv2%2Ftags&post=28879"}],"curies":[{"name":"wp","href":"https:\/\/api.w.org\/{rel}","templated":true}]}}