{"id":2881,"date":"2021-05-07T10:21:15","date_gmt":"2021-05-07T10:21:15","guid":{"rendered":"https:\/\/letempsmag.ma\/?p=2881"},"modified":"2021-05-07T10:21:15","modified_gmt":"2021-05-07T10:21:15","slug":"aeroport-mohammed-v-transfert-des-vols-internationaux-du-terminal-2-au-terminal-1","status":"publish","type":"post","link":"https:\/\/letempsmag.ma\/?p=2881","title":{"rendered":"A\u00e9roport Mohammed V : transfert des vols internationaux du Terminal 2 au Terminal 1"},"content":{"rendered":"\n<p>Tous les vols internationaux op\u00e9r\u00e9s au niveau du Terminal 2 de l\u2019a\u00e9roport Mohammed V de Casablanca (enregistrement et embarquement) seront transf\u00e9r\u00e9s au Terminal 1 \u00e0 partir de ce vendredi 7 mai, a annonc\u00e9 hier l\u2019Office National des A\u00e9roports (ONDA). Ce transfert a \u00e9t\u00e9 d\u00e9cid\u00e9 en concertation avec les compagnies a\u00e9riennes et les divers partenaires a\u00e9roportuaires, dans un souci d\u2019optimisation des ressources a\u00e9roportuaires et de rationalisation des co\u00fbts d\u2019exploitation autant pour l\u2019ONDA que pour ses partenaires, indique un communiqu\u00e9 de l\u2019Office.<\/p>\n\n\n\n<p>En accompagnement de ce transfert, un dispositif signal\u00e9tique clair et adapt\u00e9 est mis en place au sein et aux abords de l\u2019a\u00e9roport pour faciliter l\u2019orientation des passagers, ajoute la m\u00eame source, notant que des agents d\u2019orientation, reconnaissables \u00e0 leurs tenues, sont \u00e9galement \u00e0 la disposition des passagers pour apporter toute aide ou information utile. Les passagers ayant d\u00e9j\u00e0 des vols programm\u00e9s initialement au Terminal 2 seront \u00e9galement inform\u00e9s de cette mesure par leurs compagnies a\u00e9riennes, poursuit le communiqu\u00e9.<\/p>\n\n\n\n<p>L\u2019ONDA proc\u00e9dera r\u00e9guli\u00e8rement, en collaboration avec ses partenaires, \u00e0 l\u2019\u00e9valuation de la situation, en fonction de l\u2019\u00e9volution progressive du trafic et la lev\u00e9e des mesures restrictives de voyage. Une r\u00e9ouverture du Terminal 2 peut \u00eatre d\u00e9cid\u00e9e, d\u00e8s le retour \u00e0 la normale du trafic a\u00e9rien.<\/p>\n\n\n\n<p>\u00abLe personnel de l\u2019ONDA et celui de ses partenaires restent mobilis\u00e9s en permanence pour offrir une exp\u00e9rience-passagers saine et rassurante, dans les meilleures conditions de qualit\u00e9 de service, de s\u00fbret\u00e9 et de s\u00e9curit\u00e9\u00bb, affirme l\u2019Office.<\/p>\n\n\n\n<p>Inaugur\u00e9 en janvier 2019, le Terminal 1 s\u2019\u00e9tend sur une superficie de 76.000 m2 et permet l\u2019accueil d\u2019un trafic de 7 millions de passagers par an. Il dispose d\u2019installations et d\u2019\u00e9quipements modernes respectant toutes les pr\u00e9cautions sanitaires. Ce terminal est muni d\u2019un espace d\u00e9di\u00e9 \u00e0 l\u2019enregistrement sur deux niveaux (33 comptoirs au niveau 0 et 52 comptoirs d\u2019enregistrement \u00e0 l\u2019\u00e9tage), un syst\u00e8me de tri automatique des bagages d\u2019une capacit\u00e9 de plus de 5.000 bagages\/heure et une zone d\u00e9di\u00e9e aux formalit\u00e9s de Police (d\u00e9part) avec 39 postes d\u2019\u00e9migration dont deux d\u00e9di\u00e9s au \u00abfast track\u00bb. Il comprend \u00e9galement un hall d\u2019embarquement sur deux niveaux abritant, notamment une galerie commerciale offrant un choix diversifi\u00e9 d\u2019enseignes nationales et internationales, des restaurants, des caf\u00e9s et des salons VIP.<\/p>\n\n\n\n<p>En ce qui le concerne, le Terminal 2 compos\u00e9 de 9 passerelles t\u00e9lescopiques dont une triple passerelle pour l\u2019accueil des avions gros-porteurs (type Airbus A380) une zone de transit de 2.450 m2 disposant de 18 postes d\u2019\u00e9migration, des \u00e9quipements pour fluidifier le cheminement du passager, des facilit\u00e9s pour les personnes \u00e0 mobilit\u00e9 r\u00e9duite, une couverture WiFi gratuite et illimit\u00e9e, un parking pour voitures \u00e0 proximit\u00e9, sur 2 niveaux (2.075 places) et une aire de \u00abd\u00e9pose minute\u00bb.<\/p>\n","protected":false},"excerpt":{"rendered":"<p>Tous les vols internationaux op\u00e9r\u00e9s au niveau du Terminal 2 de l\u2019a\u00e9roport Mohammed V de Casablanca (enregistrement et embarquement) seront transf\u00e9r\u00e9s au Terminal 1 \u00e0 partir de ce vendredi 7 mai, a annonc\u00e9 hier l\u2019Office National des A\u00e9roports (ONDA). Ce transfert a \u00e9t\u00e9 d\u00e9cid\u00e9 en concertation avec les compagnies a\u00e9riennes et les divers partenaires a\u00e9roportuaires, &hellip;<\/p>\n","protected":false},"author":9,"featured_media":2882,"comment_status":"open","ping_status":"closed","sticky":false,"template":"","format":"standard","meta":{"footnotes":""},"categories":[53],"tags":[],"class_list":["post-2881","post","type-post","status-publish","format-standard","has-post-thumbnail","hentry","category-aerien"],"_links":{"self":[{"href":"https:\/\/letempsmag.ma\/index.php?rest_route=\/wp\/v2\/posts\/2881","targetHints":{"allow":["GET"]}}],"collection":[{"href":"https:\/\/letempsmag.ma\/index.php?rest_route=\/wp\/v2\/posts"}],"about":[{"href":"https:\/\/letempsmag.ma\/index.php?rest_route=\/wp\/v2\/types\/post"}],"author":[{"embeddable":true,"href":"https:\/\/letempsmag.ma\/index.php?rest_route=\/wp\/v2\/users\/9"}],"replies":[{"embeddable":true,"href":"https:\/\/letempsmag.ma\/index.php?rest_route=%2Fwp%2Fv2%2Fcomments&post=2881"}],"version-history":[{"count":1,"href":"https:\/\/letempsmag.ma\/index.php?rest_route=\/wp\/v2\/posts\/2881\/revisions"}],"predecessor-version":[{"id":2883,"href":"https:\/\/letempsmag.ma\/index.php?rest_route=\/wp\/v2\/posts\/2881\/revisions\/2883"}],"wp:featuredmedia":[{"embeddable":true,"href":"https:\/\/letempsmag.ma\/index.php?rest_route=\/wp\/v2\/media\/2882"}],"wp:attachment":[{"href":"https:\/\/letempsmag.ma\/index.php?rest_route=%2Fwp%2Fv2%2Fmedia&parent=2881"}],"wp:term":[{"taxonomy":"category","embeddable":true,"href":"https:\/\/letempsmag.ma\/index.php?rest_route=%2Fwp%2Fv2%2Fcategories&post=2881"},{"taxonomy":"post_tag","embeddable":true,"href":"https:\/\/letempsmag.ma\/index.php?rest_route=%2Fwp%2Fv2%2Ftags&post=2881"}],"curies":[{"name":"wp","href":"https:\/\/api.w.org\/{rel}","templated":true}]}}