{"id":28795,"date":"2024-05-23T11:01:49","date_gmt":"2024-05-23T10:01:49","guid":{"rendered":"https:\/\/letempsmag.ma\/?p=28795"},"modified":"2024-05-23T11:01:49","modified_gmt":"2024-05-23T10:01:49","slug":"le-beau-combat-de-lassociation-anais-pour-les-personnes-trisomiques","status":"publish","type":"post","link":"https:\/\/letempsmag.ma\/?p=28795","title":{"rendered":"Le beau combat de l\u2019Association Ana\u00efs pour les personnes trisomiques"},"content":{"rendered":"\n<p>En c\u00e9l\u00e9bration de la Journ\u00e9e Mondiale de l&#8217;Accessibilit\u00e9, l\u2019Association Ana\u00efs organise une journ\u00e9e scientifique centr\u00e9e sur un th\u00e8me crucial&nbsp;: \u00abTrisomie 21&nbsp;: l&#8217;intervention pr\u00e9coce, un passeport pour l&#8217;avenir\u00bb. L\u2019\u00e9v\u00e9nement aura lieu le 25 mai courant \u00e0 la Fondation du Roi Abdul-Aziz Al Saoud, \u00e0 Casablanca.<\/p>\n\n\n\n<p>La Trisomie 21, connue \u00e9galement sous le nom de Syndrome de Down, est une condition chromosomique cong\u00e9nitale caract\u00e9ris\u00e9e par la pr\u00e9sence d&#8217;un chromosome suppl\u00e9mentaire \u00e0 la 21<sup>\u00e8me<\/sup> paire. Cette condition entra\u00eene des impacts significatifs sur le d\u00e9veloppement, se traduisant par des signes cliniques sp\u00e9cifiques, une d\u00e9ficience intellectuelle et des caract\u00e9ristiques morphologiques et physiologiques distinctes.<\/p>\n\n\n\n<p>Les d\u00e9fis auxquels font face les individus atteints de Trisomie 21, d\u00e8s les premiers jours de leur vie, ont un impact profond sur leur d\u00e9veloppement global. Par cons\u00e9quent, l&#8217;importance d&#8217;une intervention pr\u00e9coce est cruciale, avec comme principe fondamental&nbsp;: \u00abTout se joue avant 6 ans\u00bb.<\/p>\n\n\n\n<p>Dans un contexte o\u00f9 les pratiques de prise en charge \u00e9voluent constamment, Ana\u00efs propose un projet d&#8217;accompagnement dot\u00e9 de protocoles d&#8217;intervention adapt\u00e9s aux besoins des b\u00e9n\u00e9ficiaires et des attentes des parents, tout en respectant les normes appropri\u00e9es \u00e0 la petite enfance. L&#8217;intervention pr\u00e9coce est ainsi identifi\u00e9e comme le premier maillon d&#8217;une prise en charge efficace, bas\u00e9e sur la pr\u00e9cocit\u00e9, la continuit\u00e9 et la qualit\u00e9.<\/p>\n\n\n\n<p>Malgr\u00e9 les d\u00e9fis inh\u00e9rents au paysage institutionnel marocain, des lacunes persistent dans la prise en charge pr\u00e9coce de la Trisomie 21, mettant en \u00e9vidence une n\u00e9gligence de son importance. Cela souligne l&#8217;urgence d&#8217;actions de sensibilisation et de partage de bonnes pratiques afin de mettre en lumi\u00e8re l&#8217;importance des interventions pr\u00e9coces aupr\u00e8s d&#8217;une population fragilis\u00e9e par des particularit\u00e9s g\u00e9n\u00e9tiques, n\u00e9cessitant des soins anticip\u00e9s et pluridisciplinaires.<\/p>\n\n\n\n<p>Dans cette perspective, la journ\u00e9e scientifique organis\u00e9e par Ana\u00efs r\u00e9unira des experts renomm\u00e9s en Trisomie 21 et en handicap mental, incluant des g\u00e9n\u00e9ticiens, p\u00e9diatres, p\u00e9dopsychiatres, neuropsychologues, psychologues, acteurs sociaux et sp\u00e9cialistes de l&#8217;inclusion scolaire. Cet \u00e9v\u00e9nement s&#8217;adresse aux professionnels de la sant\u00e9, chercheurs, associations sp\u00e9cialis\u00e9es, services de maternit\u00e9, cr\u00e8ches, jardins d&#8217;enfants et organismes de formation des cadres de sant\u00e9.<\/p>\n\n\n\n<p>L&#8217;objectif principal de cette journ\u00e9e est de mettre en \u00e9vidence l&#8217;importance cruciale de l&#8217;intervention pr\u00e9coce et de d\u00e9montrer son impact positif sur le d\u00e9veloppement, dans le but d&#8217;am\u00e9liorer la sant\u00e9, les comp\u00e9tences et la qualit\u00e9 de vie des personnes atteintes de Trisomie 21.<\/p>\n\n\n\n<p>Ana\u00efs, Association nationale pour l&#8217;int\u00e9gration des personnes en situation d\u2019handicap mental, s\u2019engage depuis 1991 dans la d\u00e9fense des droits de ces personnes, ainsi que dans leur prise en charge et leur orientation vers une int\u00e9gration socio-professionnelle.<\/p>\n\n\n\n<p><strong>L. F.<\/strong><\/p>\n","protected":false},"excerpt":{"rendered":"<p>En c\u00e9l\u00e9bration de la Journ\u00e9e Mondiale de l&#8217;Accessibilit\u00e9, l\u2019Association Ana\u00efs organise une journ\u00e9e scientifique centr\u00e9e sur un th\u00e8me crucial&nbsp;: \u00abTrisomie 21&nbsp;: l&#8217;intervention pr\u00e9coce, un passeport pour l&#8217;avenir\u00bb. L\u2019\u00e9v\u00e9nement aura lieu le 25 mai courant \u00e0 la Fondation du Roi Abdul-Aziz Al Saoud, \u00e0 Casablanca. La Trisomie 21, connue \u00e9galement sous le nom de Syndrome de &hellip;<\/p>\n","protected":false},"author":9,"featured_media":28796,"comment_status":"open","ping_status":"closed","sticky":false,"template":"","format":"standard","meta":{"footnotes":""},"categories":[26],"tags":[],"class_list":["post-28795","post","type-post","status-publish","format-standard","has-post-thumbnail","hentry","category-sante"],"_links":{"self":[{"href":"https:\/\/letempsmag.ma\/index.php?rest_route=\/wp\/v2\/posts\/28795","targetHints":{"allow":["GET"]}}],"collection":[{"href":"https:\/\/letempsmag.ma\/index.php?rest_route=\/wp\/v2\/posts"}],"about":[{"href":"https:\/\/letempsmag.ma\/index.php?rest_route=\/wp\/v2\/types\/post"}],"author":[{"embeddable":true,"href":"https:\/\/letempsmag.ma\/index.php?rest_route=\/wp\/v2\/users\/9"}],"replies":[{"embeddable":true,"href":"https:\/\/letempsmag.ma\/index.php?rest_route=%2Fwp%2Fv2%2Fcomments&post=28795"}],"version-history":[{"count":1,"href":"https:\/\/letempsmag.ma\/index.php?rest_route=\/wp\/v2\/posts\/28795\/revisions"}],"predecessor-version":[{"id":28797,"href":"https:\/\/letempsmag.ma\/index.php?rest_route=\/wp\/v2\/posts\/28795\/revisions\/28797"}],"wp:featuredmedia":[{"embeddable":true,"href":"https:\/\/letempsmag.ma\/index.php?rest_route=\/wp\/v2\/media\/28796"}],"wp:attachment":[{"href":"https:\/\/letempsmag.ma\/index.php?rest_route=%2Fwp%2Fv2%2Fmedia&parent=28795"}],"wp:term":[{"taxonomy":"category","embeddable":true,"href":"https:\/\/letempsmag.ma\/index.php?rest_route=%2Fwp%2Fv2%2Fcategories&post=28795"},{"taxonomy":"post_tag","embeddable":true,"href":"https:\/\/letempsmag.ma\/index.php?rest_route=%2Fwp%2Fv2%2Ftags&post=28795"}],"curies":[{"name":"wp","href":"https:\/\/api.w.org\/{rel}","templated":true}]}}