{"id":28751,"date":"2024-05-21T11:11:28","date_gmt":"2024-05-21T10:11:28","guid":{"rendered":"https:\/\/letempsmag.ma\/?p=28751"},"modified":"2024-05-21T11:11:29","modified_gmt":"2024-05-21T10:11:29","slug":"royal-air-maroc-et-la-confrerie-mouride-unies-par-un-important-partenariat","status":"publish","type":"post","link":"https:\/\/letempsmag.ma\/?p=28751","title":{"rendered":"Royal Air Maroc et la confr\u00e9rie Mouride unies par un important partenariat"},"content":{"rendered":"\n<p>En pr\u00e9sence de hauts dignitaires de la confr\u00e9rie Mouride et de repr\u00e9sentants de Royal Air Maroc, la compagnie a\u00e9rienne nationale et la confr\u00e9rie s\u00e9n\u00e9galaise ont conclu hier au si\u00e8ge de la RAM, \u00e0 Casablanca, une convention institutionnelle visant \u00e0 simplifier les d\u00e9placements des membres de la communaut\u00e9 et des p\u00e8lerins vers les sites religieux des deux pays.<\/p>\n\n\n\n<p>Sign\u00e9 par Hamid Addou, Pr\u00e9sident de la compagnie, et Abdou Lahad Ka, Maire de Touba, cet accord renforce les avantages offerts par la RAM sur ses vols, ainsi que les services adapt\u00e9s aux besoins de la communaut\u00e9 mouride.<\/p>\n\n\n\n<p>Les am\u00e9liorations incluent l&#8217;augmentation des capacit\u00e9s sur les routes emprunt\u00e9es par la diaspora mouride \u00e0 destination de Dakar, l&#8217;acc\u00e8s \u00e0 des offres pr\u00e9f\u00e9rentielles, des facilit\u00e9s de fret et d&#8217;autres avantages. La convention pr\u00e9voit \u00e9galement des dispositions sp\u00e9ciales pour le p\u00e8lerinage annuel \u00e0 Touba (\u00e0 200 km de Dakar) et le rapatriement des d\u00e9pouilles des membres de la communaut\u00e9 d\u00e9c\u00e9d\u00e9s \u00e0 l&#8217;\u00e9tranger. En qualit\u00e9 de transporteur officiel de Touba, Royal Air Maroc confirme \u00e9galement son soutien aux \u00e9v\u00e9nements organis\u00e9s par la confr\u00e9rie \u00e0 l&#8217;\u00e9chelle internationale.<\/p>\n\n\n\n<p>Par ailleurs, la RAM met en place des interlocuteurs d\u00e9di\u00e9s dans chaque pays o\u00f9 elle est pr\u00e9sente pour faciliter la coop\u00e9ration et la qualit\u00e9 des services offerts \u00e0 la communaut\u00e9 Mouride.<\/p>\n\n\n\n<p>Royal Air Maroc b\u00e9n\u00e9ficiera, de ce fait, du soutien en termes d&#8217;image et de recommandations de la part d&#8217;une communaut\u00e9 repr\u00e9sentant environ 35% de la population s\u00e9n\u00e9galaise, jouant un r\u00f4le majeur au S\u00e9n\u00e9gal et comptant des dizaines de milliers de membres \u00e9tablis en Europe.<\/p>\n\n\n\n<p>Hamid Addou a exprim\u00e9 sa fiert\u00e9 de la confiance \u00e9tablie entre Royal Air Maroc et la confr\u00e9rie Mouride, soulignant les relations s\u00e9culaires entre le Maroc et le S\u00e9n\u00e9gal, bas\u00e9es sur un Islam d&#8217;ouverture promu par la Vision \u00e9clair\u00e9e de S.M. le Roi Mohammed VI. Il a ajout\u00e9 que ce partenariat confirme la vocation panafricaine de Royal Air Maroc et son engagement constant pour la promotion du tourisme religieux ainsi que pour l&#8217;avancement de l&#8217;Afrique vers une \u00e8re de progr\u00e8s.<\/p>\n\n\n\n<p>Khadim Sidy, adjoint du Maire de Touba, a soulign\u00e9 que les relations entre le Maroc et le S\u00e9n\u00e9gal, particuli\u00e8rement sur le plan religieux, sont anciennes et profondes. Cette convention va renforcer ces liens en instaurant un cadre de coop\u00e9ration culturelle et religieuse pour b\u00e9n\u00e9ficier des services de RAM lors des occasions religieuses au S\u00e9n\u00e9gal. Il a assur\u00e9 que les deux entit\u00e9s travailleront ensemble pour assurer le succ\u00e8s de ce partenariat et r\u00e9pondre aux besoins de la communaut\u00e9 mouride.<\/p>\n\n\n\n<p>Cette convention t\u00e9moigne de l&#8217;innovation et du leadership r\u00e9gional de Royal Air Maroc, \u00e9tant le seul transporteur \u00e0 consolider un accord durable avec une communaut\u00e9 tr\u00e8s influente. La compagnie poursuit ainsi le renforcement de ses partenariats privil\u00e9gi\u00e9s en Afrique subsaharienne, notamment au S\u00e9n\u00e9gal. (Photo&nbsp;: challenge.ma).<\/p>\n\n\n\n<p><strong>L. F.<\/strong><\/p>\n","protected":false},"excerpt":{"rendered":"<p>En pr\u00e9sence de hauts dignitaires de la confr\u00e9rie Mouride et de repr\u00e9sentants de Royal Air Maroc, la compagnie a\u00e9rienne nationale et la confr\u00e9rie s\u00e9n\u00e9galaise ont conclu hier au si\u00e8ge de la RAM, \u00e0 Casablanca, une convention institutionnelle visant \u00e0 simplifier les d\u00e9placements des membres de la communaut\u00e9 et des p\u00e8lerins vers les sites religieux des &hellip;<\/p>\n","protected":false},"author":9,"featured_media":28752,"comment_status":"open","ping_status":"closed","sticky":false,"template":"","format":"standard","meta":{"footnotes":""},"categories":[53],"tags":[],"class_list":["post-28751","post","type-post","status-publish","format-standard","has-post-thumbnail","hentry","category-aerien"],"_links":{"self":[{"href":"https:\/\/letempsmag.ma\/index.php?rest_route=\/wp\/v2\/posts\/28751","targetHints":{"allow":["GET"]}}],"collection":[{"href":"https:\/\/letempsmag.ma\/index.php?rest_route=\/wp\/v2\/posts"}],"about":[{"href":"https:\/\/letempsmag.ma\/index.php?rest_route=\/wp\/v2\/types\/post"}],"author":[{"embeddable":true,"href":"https:\/\/letempsmag.ma\/index.php?rest_route=\/wp\/v2\/users\/9"}],"replies":[{"embeddable":true,"href":"https:\/\/letempsmag.ma\/index.php?rest_route=%2Fwp%2Fv2%2Fcomments&post=28751"}],"version-history":[{"count":1,"href":"https:\/\/letempsmag.ma\/index.php?rest_route=\/wp\/v2\/posts\/28751\/revisions"}],"predecessor-version":[{"id":28753,"href":"https:\/\/letempsmag.ma\/index.php?rest_route=\/wp\/v2\/posts\/28751\/revisions\/28753"}],"wp:featuredmedia":[{"embeddable":true,"href":"https:\/\/letempsmag.ma\/index.php?rest_route=\/wp\/v2\/media\/28752"}],"wp:attachment":[{"href":"https:\/\/letempsmag.ma\/index.php?rest_route=%2Fwp%2Fv2%2Fmedia&parent=28751"}],"wp:term":[{"taxonomy":"category","embeddable":true,"href":"https:\/\/letempsmag.ma\/index.php?rest_route=%2Fwp%2Fv2%2Fcategories&post=28751"},{"taxonomy":"post_tag","embeddable":true,"href":"https:\/\/letempsmag.ma\/index.php?rest_route=%2Fwp%2Fv2%2Ftags&post=28751"}],"curies":[{"name":"wp","href":"https:\/\/api.w.org\/{rel}","templated":true}]}}