{"id":28718,"date":"2024-05-20T12:40:39","date_gmt":"2024-05-20T11:40:39","guid":{"rendered":"https:\/\/letempsmag.ma\/?p=28718"},"modified":"2024-05-20T12:40:40","modified_gmt":"2024-05-20T11:40:40","slug":"marrakech-fait-son-cirque-cette-semaine","status":"publish","type":"post","link":"https:\/\/letempsmag.ma\/?p=28718","title":{"rendered":"\u00abMarrakech fait son Cirque\u00bb cette semaine\u00a0!"},"content":{"rendered":"\n<p>Le label \u00abMarrakech, capitale de la culture dans le monde islamique pour l&#8217;ann\u00e9e 2024\u00bb g\u00e9n\u00e8re d\u00e9j\u00e0 de belles initiatives pour la vie urbaine de cit\u00e9 ocre. La destination se pr\u00e9pare, en effet, \u00e0 accueillir un \u00e9v\u00e9nement sp\u00e9cial sous le th\u00e8me \u00abMarrakech fait son Cirque\u00bb. Du 22 au 25 mai courant, le collectif \u00c9clats de Lune, en partenariat avec le minist\u00e8re de la Jeunesse, de la Culture et de la Communication, propose une c\u00e9l\u00e9bration f\u00e9\u00e9rique.<\/p>\n\n\n\n<p>Le festival \u00abMarrakech fait son cirque\u00bb incarne parfaitement les objectifs de \u00abMarrakech, capitale de la culture dans le monde islamique pour l&#8217;ann\u00e9e 2024\u00bb. Plac\u00e9 sous le haut patronage de S.M. le Roi Mohammed VI, l\u2019\u00e9v\u00e9nement met en lumi\u00e8re le patrimoine et la tradition des arts vivants de la cit\u00e9 ocre tout en int\u00e9grant des \u00e9l\u00e9ments de cirque contemporain et des spectacles internationaux. Le langage universel du cirque captive toujours les publics de tous les horizons, sans distinction d&#8217;\u00e2ge, de genre, de classe sociale, de nationalit\u00e9 ou de religion.<\/p>\n\n\n\n<p>Les repr\u00e9sentations auront lieu sous un chapiteau install\u00e9 au Parc de la Jeunesse, \u00e0 proximit\u00e9 du c\u00e9l\u00e8bre jardin de la M\u00e9nara, mais \u00e9galement dans d&#8217;autres lieux, les organisateurs ayant d\u00e9cid\u00e9 de ne pas limiter le festival \u00e0 un seul site.<\/p>\n\n\n\n<p>Le festival d\u00e9butera en fanfare le mercredi 22 mai \u00e0 16h30 avec une Parade des \u00c9l\u00e9phants orchestr\u00e9e par le Th\u00e9\u00e2tre Nomade. Un d\u00e9fil\u00e9 spectaculaire qui partira du Palais des Congr\u00e8s dans le quartier Hivernage pour rejoindre le Parc de la Jeunesse pr\u00e8s de la M\u00e9nara. Les spectateurs auront l&#8217;occasion d&#8217;admirer cinq \u00e9l\u00e9phants g\u00e9ants conduits par des marionnettistes professionnels, accompagn\u00e9s d&#8217;acrobates costum\u00e9s et de musiciens jouant des rythmes de Cha\u00e2bi. Les habitants et les visiteurs sont invit\u00e9s \u00e0 suivre le cort\u00e8ge anim\u00e9 tout au long du parcours et \u00e0 participer \u00e0 ce spectacle vivant dans un esprit de partage, dans la pure tradition des arts populaires.<\/p>\n\n\n\n<p>Plus tard, \u00e0 19h dans la journ\u00e9e, la Compagnie Racines Carr\u00e9es pr\u00e9sentera un spectacle \u00ab9.81\u00bb sous le chapiteau du Parc de la Jeunesse, suivi \u00e0 21h par \u00abLes Oiseaux\u00bb du Th\u00e9\u00e2tre Nomade. Le lendemain, jeudi 23 mai, le chapiteau accueillera d&#8217;abord \u00abChouf le Ciel\u00bb de la Compagnie Colokolo, suivi d&#8217;une nouvelle repr\u00e9sentation de \u00abLes Oiseaux\u00bb du Th\u00e9\u00e2tre Nomade.<\/p>\n\n\n\n<p>Au programme du vendredi soir, en dehors du chapiteau, \u00abDanse avec les Chevaux\u00bb de Sadek El Bahjaoui promet d&#8217;\u00e9blouir les festivaliers et les passants avec un tableau \u00e9questre po\u00e9tique, ayant pour toile de fond le majestueux d\u00e9sert de pierres d&#8217;Agafay. Pour la derni\u00e8re journ\u00e9e, le samedi 25 mai, la Compagnie La Main de l&#8217;Homme pr\u00e9sentera \u00abCosmos\u00bb \u00e0 19h sous le chapiteau du Parc de la Jeunesse, suivi de la soir\u00e9e de cl\u00f4ture \u00abCabaret Cirque Oriental\u00bb.<\/p>\n\n\n\n<p>Pour rendre la f\u00eate accessible \u00e0 tous, les repr\u00e9sentations seront propos\u00e9es \u00e0 des tarifs abordables, avec plusieurs spectacles gratuits. L&#8217;objectif&nbsp;: d\u00e9mocratiser l&#8217;art et la culture urbaine en adoptant une approche de proximit\u00e9.<\/p>\n\n\n\n<p>Fond\u00e9 en 2013 par le Collectif \u00c9clats de Lune, le festival \u00abMarrakech fait son Cirque\u00bb promet pour cette \u00e9dition 2024 une ambiance festive et inclusive, c\u00e9l\u00e9brant la richesse culturelle de Marrakech et renfor\u00e7ant son r\u00f4le en tant que carrefour des arts et des cultures.<\/p>\n\n\n\n<p><strong>L. F.<\/strong><\/p>\n","protected":false},"excerpt":{"rendered":"<p>Le label \u00abMarrakech, capitale de la culture dans le monde islamique pour l&#8217;ann\u00e9e 2024\u00bb g\u00e9n\u00e8re d\u00e9j\u00e0 de belles initiatives pour la vie urbaine de cit\u00e9 ocre. La destination se pr\u00e9pare, en effet, \u00e0 accueillir un \u00e9v\u00e9nement sp\u00e9cial sous le th\u00e8me \u00abMarrakech fait son Cirque\u00bb. Du 22 au 25 mai courant, le collectif \u00c9clats de Lune, &hellip;<\/p>\n","protected":false},"author":9,"featured_media":28719,"comment_status":"open","ping_status":"closed","sticky":false,"template":"","format":"standard","meta":{"footnotes":""},"categories":[1263],"tags":[],"class_list":["post-28718","post","type-post","status-publish","format-standard","has-post-thumbnail","hentry","category-culture-urbaine"],"_links":{"self":[{"href":"https:\/\/letempsmag.ma\/index.php?rest_route=\/wp\/v2\/posts\/28718","targetHints":{"allow":["GET"]}}],"collection":[{"href":"https:\/\/letempsmag.ma\/index.php?rest_route=\/wp\/v2\/posts"}],"about":[{"href":"https:\/\/letempsmag.ma\/index.php?rest_route=\/wp\/v2\/types\/post"}],"author":[{"embeddable":true,"href":"https:\/\/letempsmag.ma\/index.php?rest_route=\/wp\/v2\/users\/9"}],"replies":[{"embeddable":true,"href":"https:\/\/letempsmag.ma\/index.php?rest_route=%2Fwp%2Fv2%2Fcomments&post=28718"}],"version-history":[{"count":1,"href":"https:\/\/letempsmag.ma\/index.php?rest_route=\/wp\/v2\/posts\/28718\/revisions"}],"predecessor-version":[{"id":28720,"href":"https:\/\/letempsmag.ma\/index.php?rest_route=\/wp\/v2\/posts\/28718\/revisions\/28720"}],"wp:featuredmedia":[{"embeddable":true,"href":"https:\/\/letempsmag.ma\/index.php?rest_route=\/wp\/v2\/media\/28719"}],"wp:attachment":[{"href":"https:\/\/letempsmag.ma\/index.php?rest_route=%2Fwp%2Fv2%2Fmedia&parent=28718"}],"wp:term":[{"taxonomy":"category","embeddable":true,"href":"https:\/\/letempsmag.ma\/index.php?rest_route=%2Fwp%2Fv2%2Fcategories&post=28718"},{"taxonomy":"post_tag","embeddable":true,"href":"https:\/\/letempsmag.ma\/index.php?rest_route=%2Fwp%2Fv2%2Ftags&post=28718"}],"curies":[{"name":"wp","href":"https:\/\/api.w.org\/{rel}","templated":true}]}}