{"id":28619,"date":"2024-05-14T12:29:39","date_gmt":"2024-05-14T11:29:39","guid":{"rendered":"https:\/\/letempsmag.ma\/?p=28619"},"modified":"2024-05-14T12:29:40","modified_gmt":"2024-05-14T11:29:40","slug":"des-moments-forts-cette-annee-au-ficam","status":"publish","type":"post","link":"https:\/\/letempsmag.ma\/?p=28619","title":{"rendered":"Des moments forts, cette ann\u00e9e, au FICAM"},"content":{"rendered":"\n<p>Le week-end dernier a \u00e9t\u00e9 m\u00e9morable \u00e0 Mekn\u00e8s, \u00e0 l\u2019occasion de la 22<sup>\u00e8me<\/sup> \u00e9dition du Festival International de Cin\u00e9ma d&#8217;Animation (FICAM). D\u00e8s son ouverture, cette \u00e9dition a brill\u00e9 par la vari\u00e9t\u00e9 et la qualit\u00e9 de ses \u00e9v\u00e9nements : des projections captivantes, des ateliers enrichissants, et des initiatives de m\u00e9diation culturelle. Un programme qui a su ravir les jeunes et les moins jeunes, les passionn\u00e9s, les \u00e9tudiants, ainsi que le public en g\u00e9n\u00e9ral.<\/p>\n\n\n\n<p>Entre making of, work in progress et th\u00e9s \u00e0 la menthe, tout aussi passionnants les uns que les autres, Theodore Ushev, artiste polyvalent, nous emporte avec brio dans une fascinante exploration cin\u00e9matographique. Avec ma\u00eetrise, il nous d\u00e9voile sa m\u00e9thode pour r\u00e9inventer diff\u00e9rentes techniques et leur insuffler une nouvelle dimension.<\/p>\n\n\n\n<p>Cette 22<sup>\u00e8me<\/sup> \u00e9dition du festival meknassi a mis \u00e9galement en lumi\u00e8re le cin\u00e9ma d&#8217;animation italien en collaboration avec l\u2019Institut Culturel Italien du Maroc. Une plong\u00e9e au c\u0153ur de la cr\u00e9ativit\u00e9 foisonnante de la sc\u00e8ne italienne avec la pr\u00e9sence d&#8217;artistes renomm\u00e9s tels que Christian De Vita et Alessandro Rak. Les visiteurs ont ainsi eu l&#8217;occasion d&#8217;explorer la diversit\u00e9 et l&#8217;abondance artistique de l&#8217;animation italienne, renfor\u00e7ant une fois de plus la port\u00e9e internationale du FICAM.<\/p>\n\n\n\n<p>Au programme \u00e9galement de ce week-end, le lancement de deux comp\u00e9titions internationales&nbsp;: la \u00abLong Comp\u00e9t\u2019\u00bb proposant cette ann\u00e9e 6 films de pays diff\u00e9rents et la \u00abCourt Comp\u00e9t\u2019\u00bb qui a re\u00e7u cette ann\u00e9e encore plus de 250 courts-m\u00e9trages de r\u00e9alisateurs du monde entier. Les gagnants de ces deux comp\u00e9titions seront annonc\u00e9s lors de la c\u00e9r\u00e9monie de cl\u00f4ture du festival, pr\u00e9vue demain.<\/p>\n\n\n\n<p>Autre grand moment du week-end, le \u00abPique-Nique FICAM\u00bb, \u00e9v\u00e9nement familial-phare du festival. Une formule imagin\u00e9e par l\u2019\u00e9quipe du festival, il y a une dizaine d\u2019ann\u00e9es, et qui rencontre un \u00e9norme succ\u00e8s aupr\u00e8s du public de Mekn\u00e8s. Cette ann\u00e9e, le \u00abPique-Nique FICAM\u00bb a propos\u00e9 \u00abMigration\u00bb et \u00abKung Fu Panda\u00bb, deux films en 3D.<\/p>\n\n\n\n<p>Pour cette 22<sup>\u00e8me<\/sup> \u00e9dition et pour la premi\u00e8re fois de son histoire, le FICAM a investi le bel espace de Dar Lakbira gr\u00e2ce au partenariat avec la Commune du Mechouar Stinia, renfor\u00e7ant ainsi sa pr\u00e9sence au c\u0153ur de la M\u00e9dina de Mekn\u00e8s. Ce partenariat, qui porte sur plusieurs points, propose, tout d\u2019abord une programmation cin\u00e9matographique familiale avec des projections en soir\u00e9e et la pr\u00e9sence exceptionnelle de Michel Ocelot. Ce dernier a pr\u00e9sent\u00e9, dimanche soir sous le ciel \u00e9toil\u00e9 de Mekn\u00e8s, la version Darija des \u00abContes de la Nuit\u00bb, une projection qui a suscit\u00e9 un grand engouement aupr\u00e8s du jeune public de la M\u00e9dina. Il pr\u00e9sentera \u00e9galement lors de la soir\u00e9e de cl\u00f4ture, demain, \u00abIvan Tsar\u00e9vitch\u00bb et \u00abLa princesse changeante\u00bb.&nbsp;<\/p>\n\n\n\n<p>En parall\u00e8le, deux ateliers d\u2019initiation et de d\u00e9couverte des techniques du film d\u2019animation ont \u00e9t\u00e9 anim\u00e9s par Aziz Oumoussa et Anass Dou, artistes marocains qui ont b\u00e9n\u00e9fici\u00e9, par le pass\u00e9, du volet formation du FICAM. Ces ateliers \u00e9taient destin\u00e9s aux enfants du quartier.<\/p>\n\n\n\n<p>L\u2019\u00e9quipe du festival s\u2019est \u00e9galement appuy\u00e9e sur l\u2019expertise de l\u2019Institut Sup\u00e9rieur d\u2019Art Dramatique et d\u2019Action Culturelle (ISADAC) \u00e0 travers la pr\u00e9sence de jeunes m\u00e9diatrices et m\u00e9diateurs culturels qui ont assur\u00e9 le lien entre les jeunes de la m\u00e9dina de Mekn\u00e8s et les diff\u00e9rentes actions du festival.<\/p>\n\n\n\n<p>Les journ\u00e9es se suivent et ne se ressemblent pas au FICAM, r\u00e9servant bien des surprises, notamment avec la suite de la programmation scolaire, de la m\u00e9diation culturelle et des comp\u00e9titions.<\/p>\n","protected":false},"excerpt":{"rendered":"<p>Le week-end dernier a \u00e9t\u00e9 m\u00e9morable \u00e0 Mekn\u00e8s, \u00e0 l\u2019occasion de la 22\u00e8me \u00e9dition du Festival International de Cin\u00e9ma d&#8217;Animation (FICAM). D\u00e8s son ouverture, cette \u00e9dition a brill\u00e9 par la vari\u00e9t\u00e9 et la qualit\u00e9 de ses \u00e9v\u00e9nements : des projections captivantes, des ateliers enrichissants, et des initiatives de m\u00e9diation culturelle. Un programme qui a su &hellip;<\/p>\n","protected":false},"author":9,"featured_media":28620,"comment_status":"open","ping_status":"closed","sticky":false,"template":"","format":"standard","meta":{"footnotes":""},"categories":[889],"tags":[],"class_list":["post-28619","post","type-post","status-publish","format-standard","has-post-thumbnail","hentry","category-festival"],"_links":{"self":[{"href":"https:\/\/letempsmag.ma\/index.php?rest_route=\/wp\/v2\/posts\/28619","targetHints":{"allow":["GET"]}}],"collection":[{"href":"https:\/\/letempsmag.ma\/index.php?rest_route=\/wp\/v2\/posts"}],"about":[{"href":"https:\/\/letempsmag.ma\/index.php?rest_route=\/wp\/v2\/types\/post"}],"author":[{"embeddable":true,"href":"https:\/\/letempsmag.ma\/index.php?rest_route=\/wp\/v2\/users\/9"}],"replies":[{"embeddable":true,"href":"https:\/\/letempsmag.ma\/index.php?rest_route=%2Fwp%2Fv2%2Fcomments&post=28619"}],"version-history":[{"count":1,"href":"https:\/\/letempsmag.ma\/index.php?rest_route=\/wp\/v2\/posts\/28619\/revisions"}],"predecessor-version":[{"id":28621,"href":"https:\/\/letempsmag.ma\/index.php?rest_route=\/wp\/v2\/posts\/28619\/revisions\/28621"}],"wp:featuredmedia":[{"embeddable":true,"href":"https:\/\/letempsmag.ma\/index.php?rest_route=\/wp\/v2\/media\/28620"}],"wp:attachment":[{"href":"https:\/\/letempsmag.ma\/index.php?rest_route=%2Fwp%2Fv2%2Fmedia&parent=28619"}],"wp:term":[{"taxonomy":"category","embeddable":true,"href":"https:\/\/letempsmag.ma\/index.php?rest_route=%2Fwp%2Fv2%2Fcategories&post=28619"},{"taxonomy":"post_tag","embeddable":true,"href":"https:\/\/letempsmag.ma\/index.php?rest_route=%2Fwp%2Fv2%2Ftags&post=28619"}],"curies":[{"name":"wp","href":"https:\/\/api.w.org\/{rel}","templated":true}]}}