{"id":28588,"date":"2024-05-13T09:07:28","date_gmt":"2024-05-13T08:07:28","guid":{"rendered":"https:\/\/letempsmag.ma\/?p=28588"},"modified":"2024-05-13T09:07:29","modified_gmt":"2024-05-13T08:07:29","slug":"un-documentaire-sur-la-tariqa-tijanya-projete-en-avant-premiere-a-dakar","status":"publish","type":"post","link":"https:\/\/letempsmag.ma\/?p=28588","title":{"rendered":"Un documentaire sur la Tariqa Tijanya projet\u00e9 en avant-premi\u00e8re \u00e0 Dakar"},"content":{"rendered":"\n<p>Le film documentaire \u00abDe F\u00e8s \u00e0 Tivaouane, aux sources de la Tijanya\u00bb, qui revisite les liens unissant le Maroc et le S\u00e9n\u00e9gal et la capitale spirituelle du Royaume et la Tariqa Tijania, a \u00e9t\u00e9 projet\u00e9 en avant-premi\u00e8re, vendredi dernier \u00e0 Dakar, en pr\u00e9sence d\u2019un parterre de personnalit\u00e9s culturelles, religieuses et diplomatiques.<\/p>\n\n\n\n<p>Ont assist\u00e9 \u00e0 cette projection, du c\u00f4t\u00e9 s\u00e9n\u00e9galais, le Secr\u00e9taire d\u2019\u00c9tat \u00e0 la Culture, aux Industries culturelles et au Patrimoine, Bakary Ciss\u00e9, et du c\u00f4t\u00e9 marocain, l\u2019ambassadeur du Royaume au S\u00e9n\u00e9gal, Hassan Naciri. \u00c9crit et r\u00e9alis\u00e9 par le S\u00e9n\u00e9galais Abdourahmane Fall, le film de 72 minutes revisite en particulier les liens profonds existant entre la Confr\u00e9rie Tijane, notamment de la cit\u00e9 Tivaouane et la ville spirituelle de F\u00e8s, o\u00f9 est enterr\u00e9 le fondateur de la confr\u00e9rie, Cheikh Ahmed Tijani.<\/p>\n\n\n\n<p>Le documentaire est \u00abUne incursion au c\u0153ur de la Tijanya, entam\u00e9e en d\u00e9cembre 2018 avec un voyage au Maroc, plus pr\u00e9cis\u00e9ment \u00e0 F\u00e8s, o\u00f9 repose le v\u00e9n\u00e9r\u00e9 Cheikh Ahmed Tijani\u00bb, a confi\u00e9 le r\u00e9alisateur du film, produit avec le soutien de partenaires marocains, du Fonds de promotion de l\u2019industrie cin\u00e9matographique et audiovisuelle au S\u00e9n\u00e9gal et la contribution de la Radiot\u00e9l\u00e9vision S\u00e9n\u00e9galaise.<\/p>\n\n\n\n<p>\u00abAu-del\u00e0 de l\u2019aspect purement religieux et cultuel de la Tijania, nous avons voulu passer en revue les enjeux diplomatiques et g\u00e9opolitiques de cette confr\u00e9rie soufie\u00bb, a soulign\u00e9 le cin\u00e9aste, notant que le film revisite \u00e9galement l\u2019histoire des liens s\u00e9culaires entre le S\u00e9n\u00e9gal et le Maroc. Ce documentaire \u00abillustre le lien profond et intemporel entre le Maroc et le S\u00e9n\u00e9gal \u00e0 travers le prisme spirituel de la c\u00e9l\u00e8bre Tariqa Tijanya\u00bb, a indiqu\u00e9, de son c\u00f4t\u00e9, l\u2019ambassadeur du Maroc \u00e0 Dakar, Hassan Naciri. \u00abFruit d\u2019une vision structur\u00e9e et d\u2019une collaboration passionn\u00e9e entre des artistes et des chercheurs, ce film documentaire est bien plus qu\u2019un simple r\u00e9cit. C\u2019est un voyage captivant \u00e0 travers les paysages de nos origines, explorant les liens religieux, de d\u00e9votion et de fraternit\u00e9 qui unissent nos deux peuples fr\u00e8res\u00bb, a-t-il ajout\u00e9.<\/p>\n\n\n\n<p>Pour sa part, le Secr\u00e9taire d\u2019\u00c9tat s\u00e9n\u00e9galais \u00e0 la Culture, aux Industries culturelles et au Patrimoine, Bakary Ciss\u00e9, a mis en avant la profondeur et l\u2019excellence des relations entre le Maroc et le S\u00e9n\u00e9gal, sous le leadership de S.M. le Roi Mohammed VI et du Pr\u00e9sident Bassirou Diomaye Faye. Le responsable s\u00e9n\u00e9galais a \u00e9galement lou\u00e9 les liens spirituels forts existant entre les confr\u00e9ries religieuses et les Souverains du Royaume du Maroc.<\/p>\n\n\n\n<p><strong>C. A. avec MAP<\/strong><\/p>\n","protected":false},"excerpt":{"rendered":"<p>Le film documentaire \u00abDe F\u00e8s \u00e0 Tivaouane, aux sources de la Tijanya\u00bb, qui revisite les liens unissant le Maroc et le S\u00e9n\u00e9gal et la capitale spirituelle du Royaume et la Tariqa Tijania, a \u00e9t\u00e9 projet\u00e9 en avant-premi\u00e8re, vendredi dernier \u00e0 Dakar, en pr\u00e9sence d\u2019un parterre de personnalit\u00e9s culturelles, religieuses et diplomatiques. Ont assist\u00e9 \u00e0 cette &hellip;<\/p>\n","protected":false},"author":9,"featured_media":28589,"comment_status":"open","ping_status":"closed","sticky":false,"template":"","format":"standard","meta":{"footnotes":""},"categories":[257],"tags":[],"class_list":["post-28588","post","type-post","status-publish","format-standard","has-post-thumbnail","hentry","category-culte"],"_links":{"self":[{"href":"https:\/\/letempsmag.ma\/index.php?rest_route=\/wp\/v2\/posts\/28588","targetHints":{"allow":["GET"]}}],"collection":[{"href":"https:\/\/letempsmag.ma\/index.php?rest_route=\/wp\/v2\/posts"}],"about":[{"href":"https:\/\/letempsmag.ma\/index.php?rest_route=\/wp\/v2\/types\/post"}],"author":[{"embeddable":true,"href":"https:\/\/letempsmag.ma\/index.php?rest_route=\/wp\/v2\/users\/9"}],"replies":[{"embeddable":true,"href":"https:\/\/letempsmag.ma\/index.php?rest_route=%2Fwp%2Fv2%2Fcomments&post=28588"}],"version-history":[{"count":1,"href":"https:\/\/letempsmag.ma\/index.php?rest_route=\/wp\/v2\/posts\/28588\/revisions"}],"predecessor-version":[{"id":28590,"href":"https:\/\/letempsmag.ma\/index.php?rest_route=\/wp\/v2\/posts\/28588\/revisions\/28590"}],"wp:featuredmedia":[{"embeddable":true,"href":"https:\/\/letempsmag.ma\/index.php?rest_route=\/wp\/v2\/media\/28589"}],"wp:attachment":[{"href":"https:\/\/letempsmag.ma\/index.php?rest_route=%2Fwp%2Fv2%2Fmedia&parent=28588"}],"wp:term":[{"taxonomy":"category","embeddable":true,"href":"https:\/\/letempsmag.ma\/index.php?rest_route=%2Fwp%2Fv2%2Fcategories&post=28588"},{"taxonomy":"post_tag","embeddable":true,"href":"https:\/\/letempsmag.ma\/index.php?rest_route=%2Fwp%2Fv2%2Ftags&post=28588"}],"curies":[{"name":"wp","href":"https:\/\/api.w.org\/{rel}","templated":true}]}}