{"id":28539,"date":"2024-05-09T10:50:59","date_gmt":"2024-05-09T09:50:59","guid":{"rendered":"https:\/\/letempsmag.ma\/?p=28539"},"modified":"2024-05-09T10:51:00","modified_gmt":"2024-05-09T09:51:00","slug":"quatre-entreprises-primees-aux-moroccan-logistics-awards-2024","status":"publish","type":"post","link":"https:\/\/letempsmag.ma\/?p=28539","title":{"rendered":"Quatre entreprises prim\u00e9es aux Moroccan Logistics Awards 2024"},"content":{"rendered":"\n<p>Lors de la c\u00e9r\u00e9monie de remise des troph\u00e9es de la 7<sup>\u00e8me<\/sup> \u00e9dition des Moroccan Logistics Awards (MLA 2024), tenue hier mercredi \u00e0 Casablanca, quatre entreprises ont \u00e9t\u00e9 distingu\u00e9es. Organis\u00e9 par l&#8217;Agence Marocaine de D\u00e9veloppement de la Logistique (AMDL) en partenariat avec la Conf\u00e9d\u00e9ration G\u00e9n\u00e9rale des Entreprises du Maroc (CGEM), cet \u00e9v\u00e9nement s&#8217;est tenu en marge du 11<sup>\u00e8me<\/sup> Salon International du Transport et de la Logistique pour l&#8217;Afrique et la M\u00e9diterran\u00e9e (LogisMed).<\/p>\n\n\n\n<p>Building &amp; Logistic Services (BLS) a remport\u00e9 le Prix du projet logistique de l&#8217;ann\u00e9e pour \u00abNaissance d&#8217;un op\u00e9rateur logistique End-to-End\u00bb. Quant \u00e0 LogiSolutions, il a \u00e9t\u00e9 r\u00e9compens\u00e9 du Prix de l&#8217;immobilier logistique de l&#8217;ann\u00e9e pour son projet \u00abEntrep\u00f4t de grande hauteur LogiSolutions New York\u00bb. S\u2019agissant d\u2019Agricold, il a \u00e9t\u00e9 honor\u00e9 du Prix du projet Green Logistics de l&#8217;ann\u00e9e pour \u00abTransition \u00e9nerg\u00e9tique pour un entrep\u00f4t frigorifique\u00bb. Enfin, VelyVelo a \u00e9t\u00e9 d\u00e9sign\u00e9e start-up de l&#8217;ann\u00e9e pour son projet \u00abPicaleev&nbsp;: solution de la livraison du dernier kilom\u00e8tre\u00bb. Par ailleurs, la start-up Logistiqa a re\u00e7u le Prix Coup de C\u0153ur du Jury.<\/p>\n\n\n\n<p>Le Directeur G\u00e9n\u00e9ral de l&#8217;AMDL, Ghassane El Machrafi, a salu\u00e9 les r\u00e9alisations exceptionnelles dans le domaine de la logistique au Maroc, soulignant l&#8217;importance de ce secteur dans la comp\u00e9titivit\u00e9 \u00e9conomique du pays. De son c\u00f4t\u00e9, Hicham Mellakh, Pr\u00e9sident de la Commission Logistique &amp; Foncier de la CGEM, a mis en avant l&#8217;excellence et l&#8217;innovation des entreprises marocaines dans le domaine de la logistique, soulignant l&#8217;importance de la collaboration et de l&#8217;efficacit\u00e9 dans ce secteur.<\/p>\n\n\n\n<p>Compos\u00e9 de repr\u00e9sentants d&#8217;institutions publiques et priv\u00e9es ainsi que de personnalit\u00e9s de la communaut\u00e9 logistique, le jury a \u00e9valu\u00e9 les candidatures selon des crit\u00e8res rigoureux. Depuis 2016, les Moroccan Logistics Awards r\u00e9compensent les meilleurs projets et solutions dans le domaine de la Supply Chain au Maroc, contribuant ainsi au d\u00e9veloppement de l&#8217;efficacit\u00e9, de l&#8217;innovation et de la durabilit\u00e9 dans le secteur de la logistique.<\/p>\n\n\n\n<p><strong>L. F.<\/strong><\/p>\n","protected":false},"excerpt":{"rendered":"<p>Lors de la c\u00e9r\u00e9monie de remise des troph\u00e9es de la 7\u00e8me \u00e9dition des Moroccan Logistics Awards (MLA 2024), tenue hier mercredi \u00e0 Casablanca, quatre entreprises ont \u00e9t\u00e9 distingu\u00e9es. Organis\u00e9 par l&#8217;Agence Marocaine de D\u00e9veloppement de la Logistique (AMDL) en partenariat avec la Conf\u00e9d\u00e9ration G\u00e9n\u00e9rale des Entreprises du Maroc (CGEM), cet \u00e9v\u00e9nement s&#8217;est tenu en marge &hellip;<\/p>\n","protected":false},"author":9,"featured_media":28540,"comment_status":"open","ping_status":"closed","sticky":false,"template":"","format":"standard","meta":{"footnotes":""},"categories":[1292],"tags":[],"class_list":["post-28539","post","type-post","status-publish","format-standard","has-post-thumbnail","hentry","category-supply-chain"],"_links":{"self":[{"href":"https:\/\/letempsmag.ma\/index.php?rest_route=\/wp\/v2\/posts\/28539","targetHints":{"allow":["GET"]}}],"collection":[{"href":"https:\/\/letempsmag.ma\/index.php?rest_route=\/wp\/v2\/posts"}],"about":[{"href":"https:\/\/letempsmag.ma\/index.php?rest_route=\/wp\/v2\/types\/post"}],"author":[{"embeddable":true,"href":"https:\/\/letempsmag.ma\/index.php?rest_route=\/wp\/v2\/users\/9"}],"replies":[{"embeddable":true,"href":"https:\/\/letempsmag.ma\/index.php?rest_route=%2Fwp%2Fv2%2Fcomments&post=28539"}],"version-history":[{"count":1,"href":"https:\/\/letempsmag.ma\/index.php?rest_route=\/wp\/v2\/posts\/28539\/revisions"}],"predecessor-version":[{"id":28541,"href":"https:\/\/letempsmag.ma\/index.php?rest_route=\/wp\/v2\/posts\/28539\/revisions\/28541"}],"wp:featuredmedia":[{"embeddable":true,"href":"https:\/\/letempsmag.ma\/index.php?rest_route=\/wp\/v2\/media\/28540"}],"wp:attachment":[{"href":"https:\/\/letempsmag.ma\/index.php?rest_route=%2Fwp%2Fv2%2Fmedia&parent=28539"}],"wp:term":[{"taxonomy":"category","embeddable":true,"href":"https:\/\/letempsmag.ma\/index.php?rest_route=%2Fwp%2Fv2%2Fcategories&post=28539"},{"taxonomy":"post_tag","embeddable":true,"href":"https:\/\/letempsmag.ma\/index.php?rest_route=%2Fwp%2Fv2%2Ftags&post=28539"}],"curies":[{"name":"wp","href":"https:\/\/api.w.org\/{rel}","templated":true}]}}