{"id":28471,"date":"2024-05-07T11:56:34","date_gmt":"2024-05-07T10:56:34","guid":{"rendered":"https:\/\/letempsmag.ma\/?p=28471"},"modified":"2024-05-07T11:56:35","modified_gmt":"2024-05-07T10:56:35","slug":"marocotel-compte-se-depasser-pour-sa-18eme-edition","status":"publish","type":"post","link":"https:\/\/letempsmag.ma\/?p=28471","title":{"rendered":"Marocotel compte se d\u00e9passer pour sa 18\u00e8me \u00e9dition"},"content":{"rendered":"\n<p>Sous le haut patronage de S.M. le Roi Mohammed VI, avec le soutien du minist\u00e8re du Tourisme, de l&#8217;Artisanat et de l&#8217;\u00c9conomie sociale et solidaire et en partenariat avec les principales f\u00e9d\u00e9rations professionnelles du secteur CHR (Caf\u00e9s, H\u00f4tels, Restaurants), la 18<sup>\u00e8me<\/sup> \u00e9dition du Salon Marocotel ouvrira ses portes du 8 au 12 mai prochain au Parc d&#8217;Exposition Mohammed VI, en face du Mazagan Beach Resort, \u00e0 El Jadida. Il s\u2019agit du Salon international d\u00e9di\u00e9 \u00e0 l&#8217;\u00e9quipement professionnel pour l&#8217;h\u00f4tellerie, la restauration, les m\u00e9tiers de bouche, le bien-\u00eatre et les loisirs.<\/p>\n\n\n\n<p>Depuis 36 ans et \u00e0 travers ses 18 \u00e9ditions, Marocotel \u0153uvre \u00e0 favoriser les rencontres et les \u00e9changes entre les professionnels du secteur CHR et \u00e0 soutenir activement les orientations gouvernementales, r\u00e9pondant ainsi \u00e0 la vision strat\u00e9gique du Royaume pour moderniser et d\u00e9velopper les infrastructures touristiques. Cette initiative vise \u00e0 rendre l&#8217;offre marocaine plus attractive et comp\u00e9titive.<\/p>\n\n\n\n<p>En constante \u00e9volution, Marocotel consolide sa position d&#8217;\u00e9v\u00e9nement de r\u00e9f\u00e9rence sur le continent africain pour les acteurs des secteurs de l&#8217;h\u00f4tellerie, du tourisme, de la restauration, des m\u00e9tiers de bouche, du bien-\u00eatre et des loisirs. Il favorise les synergies entre d\u00e9cideurs et acteurs \u00e9conomiques, jouant un r\u00f4le de promoteur sectoriel, d&#8217;acc\u00e9l\u00e9rateur de business et d&#8217;investissements et de levier pour le d\u00e9veloppement du secteur touristique.<\/p>\n\n\n\n<p>L&#8217;industrie touristique, dans toute sa cha\u00eene de valeur et ses \u00e9cosyst\u00e8mes, doit d\u00e9sormais unir ses forces pour anticiper et relever les d\u00e9fis \u00e0 venir, notamment ceux pos\u00e9s par l&#8217;\u00e9ch\u00e9ance 2030. C&#8217;est dans cette optique de mise \u00e0 niveau des \u00e9tablissements que se tiendra la 18<sup>\u00e8me<\/sup> \u00e9dition du Salon Marocotel qui, depuis plus de 36 ans, accompagne les secteurs de l&#8217;h\u00f4tellerie, de la restauration, des m\u00e9tiers de bouche, du bien-\u00eatre et des loisirs.<\/p>\n\n\n\n<p>Le Pr\u00e9sident de la Conf\u00e9d\u00e9ration Nationale du Tourisme, Hamid Bentahar, est le Pr\u00e9sident d&#8217;Honneur de cette 18<sup>\u00e8me<\/sup> \u00e9dition, appelle tout l&#8217;\u00e9cosyst\u00e8me \u00e0 travailler ensemble pour renforcer la comp\u00e9titivit\u00e9 du secteur et construire une industrie plus forte, plus cr\u00e9ative et plus r\u00e9siliente.<\/p>\n\n\n\n<p>Marocotel 2024 propose aux professionnels une gamme d&#8217;\u00e9quipements compl\u00e8te et diversifi\u00e9e pour am\u00e9liorer la performance de leurs \u00e9tablissements ou anticiper leurs d\u00e9marches de d\u00e9veloppement. Avec la participation de 300 exposants nationaux et internationaux sur plus de 30.000 m2 d&#8217;exposition et d&#8217;animation, le salon offre une occasion unique de d\u00e9couvrir les derni\u00e8res tendances et innovations dans des domaines vari\u00e9s tels que la literie, le textile professionnel, le bien-\u00eatre, les \u00e9quipements de cuisine, la d\u00e9coration, les nouvelles technologies\u2026<\/p>\n\n\n\n<p><strong>L. F.<\/strong><\/p>\n","protected":false},"excerpt":{"rendered":"<p>Sous le haut patronage de S.M. le Roi Mohammed VI, avec le soutien du minist\u00e8re du Tourisme, de l&#8217;Artisanat et de l&#8217;\u00c9conomie sociale et solidaire et en partenariat avec les principales f\u00e9d\u00e9rations professionnelles du secteur CHR (Caf\u00e9s, H\u00f4tels, Restaurants), la 18\u00e8me \u00e9dition du Salon Marocotel ouvrira ses portes du 8 au 12 mai prochain au &hellip;<\/p>\n","protected":false},"author":9,"featured_media":28472,"comment_status":"open","ping_status":"closed","sticky":false,"template":"","format":"standard","meta":{"footnotes":""},"categories":[60],"tags":[],"class_list":["post-28471","post","type-post","status-publish","format-standard","has-post-thumbnail","hentry","category-salon"],"_links":{"self":[{"href":"https:\/\/letempsmag.ma\/index.php?rest_route=\/wp\/v2\/posts\/28471","targetHints":{"allow":["GET"]}}],"collection":[{"href":"https:\/\/letempsmag.ma\/index.php?rest_route=\/wp\/v2\/posts"}],"about":[{"href":"https:\/\/letempsmag.ma\/index.php?rest_route=\/wp\/v2\/types\/post"}],"author":[{"embeddable":true,"href":"https:\/\/letempsmag.ma\/index.php?rest_route=\/wp\/v2\/users\/9"}],"replies":[{"embeddable":true,"href":"https:\/\/letempsmag.ma\/index.php?rest_route=%2Fwp%2Fv2%2Fcomments&post=28471"}],"version-history":[{"count":1,"href":"https:\/\/letempsmag.ma\/index.php?rest_route=\/wp\/v2\/posts\/28471\/revisions"}],"predecessor-version":[{"id":28473,"href":"https:\/\/letempsmag.ma\/index.php?rest_route=\/wp\/v2\/posts\/28471\/revisions\/28473"}],"wp:featuredmedia":[{"embeddable":true,"href":"https:\/\/letempsmag.ma\/index.php?rest_route=\/wp\/v2\/media\/28472"}],"wp:attachment":[{"href":"https:\/\/letempsmag.ma\/index.php?rest_route=%2Fwp%2Fv2%2Fmedia&parent=28471"}],"wp:term":[{"taxonomy":"category","embeddable":true,"href":"https:\/\/letempsmag.ma\/index.php?rest_route=%2Fwp%2Fv2%2Fcategories&post=28471"},{"taxonomy":"post_tag","embeddable":true,"href":"https:\/\/letempsmag.ma\/index.php?rest_route=%2Fwp%2Fv2%2Ftags&post=28471"}],"curies":[{"name":"wp","href":"https:\/\/api.w.org\/{rel}","templated":true}]}}