{"id":28366,"date":"2024-05-01T11:18:54","date_gmt":"2024-05-01T10:18:54","guid":{"rendered":"https:\/\/letempsmag.ma\/?p=28366"},"modified":"2024-05-01T11:18:55","modified_gmt":"2024-05-01T10:18:55","slug":"le-groupe-barcelo-inaugure-a-tanger-son-premier-occidental-au-maroc","status":"publish","type":"post","link":"https:\/\/letempsmag.ma\/?p=28366","title":{"rendered":"Le groupe Barcelo inaugure \u00e0 Tanger son premier \u00abOccidental\u00bb au Maroc\u00a0"},"content":{"rendered":"\n<p>Le Barcelo Hotel Group annonce l\u2019ouverture du premier h\u00f4tel de sa marque \u00abOccidental\u00bb au Maroc. Situ\u00e9 au Cap Malabata, le nouvel \u00e9tablissement (4 \u00e9toiles) est le deuxi\u00e8me \u00e9tablissement h\u00f4telier du Barcelo Hotel Group dans la capitale du D\u00e9troit et \u00e9galement le 9<sup>\u00e8me<\/sup> au Maroc o\u00f9 le groupe est la cha\u00eene h\u00f4teli\u00e8re espagnole la plus pr\u00e9sente.<\/p>\n\n\n\n<p>Le nouveau Barcelo \u00abOccidental\u00bb, ant\u00e9rieurement connu sous le nom d&#8217;H\u00f4tel Dixil Garden Tanger, est situ\u00e9 \u00e0 seulement cinq minutes de la c\u00e9l\u00e8bre corniche tang\u00e9roise, dans un environnement naturel privil\u00e9gi\u00e9. Son objectif&nbsp;: offrir aux voyageurs une exp\u00e9rience alliant savoir-faire espagnol et hospitalit\u00e9 marocaine.<\/p>\n\n\n\n<p>Le nouvel \u00e9tablissement compte 170 chambres. Il dispose d&#8217;un restaurant fusion de cuisine espagnole et marocaine avec une grande terrasse ext\u00e9rieure et un espace de r\u00e9unions et d&#8217;\u00e9v\u00e9nements compos\u00e9 de 4 salles modulables et extensibles jusqu&#8217;\u00e0 600m2. L&#8217;h\u00f4tel dispose \u00e9galement d&#8217;une salle de sport compl\u00e8te et d&#8217;une grande piscine.<\/p>\n\n\n\n<p>Avec cette nouvelle ouverture, le Barcelo Hotel Group renforce sa pr\u00e9sence dans la ville o\u00f9 il poss\u00e8de d\u00e9j\u00e0 un autre \u00e9tablissement, le magnifique Barcelo Tanger (5 \u00e9toiles), situ\u00e9 sur l&#8217;\u00e9l\u00e9gante avenue Mohammed VI, sur le front de mer et \u00e0 quelques minutes de la marina.<\/p>\n\n\n\n<p>Rappelons que Barcelo Hotel Group g\u00e8re actuellement 9 h\u00f4tels dans 6 villes du Maroc&nbsp;: Agadir, Casablanca, F\u00e8s, Marrakech, Rabat et Tanger. Il s&#8217;agit de la cha\u00eene h\u00f4teli\u00e8re espagnole la plus pr\u00e9sente dans le Royaume, ce qui a un impact significatif sur le d\u00e9veloppement \u00e9conomique et social de ces villes, avec la cr\u00e9ation de pr\u00e8s de 1.400 emplois directs et de nombreux autres emplois indirects.<\/p>\n\n\n\n<p>Pour \u00c1ngel Esquinas, Directeur G\u00e9n\u00e9ral du Barcelo Hotel Group en Afrique du Nord, \u00abLe Maroc est un pays strat\u00e9gique pour le plan d&#8217;expansion de l&#8217;entreprise. Notre objectif est de continuer \u00e0 cro\u00eetre au Maroc et d&#8217;ajouter de nouveaux h\u00f4tels, principalement des h\u00f4tels 4 et 5 \u00e9toiles, tant sur le segment des vacances que sur le segment urbain, dans les villes o\u00f9 nous sommes d\u00e9j\u00e0 pr\u00e9sents, ainsi que dans de nouvelles destinations\u00bb.<\/p>\n","protected":false},"excerpt":{"rendered":"<p>Le Barcelo Hotel Group annonce l\u2019ouverture du premier h\u00f4tel de sa marque \u00abOccidental\u00bb au Maroc. Situ\u00e9 au Cap Malabata, le nouvel \u00e9tablissement (4 \u00e9toiles) est le deuxi\u00e8me \u00e9tablissement h\u00f4telier du Barcelo Hotel Group dans la capitale du D\u00e9troit et \u00e9galement le 9\u00e8me au Maroc o\u00f9 le groupe est la cha\u00eene h\u00f4teli\u00e8re espagnole la plus pr\u00e9sente. &hellip;<\/p>\n","protected":false},"author":9,"featured_media":28367,"comment_status":"open","ping_status":"closed","sticky":false,"template":"","format":"standard","meta":{"footnotes":""},"categories":[277],"tags":[],"class_list":["post-28366","post","type-post","status-publish","format-standard","has-post-thumbnail","hentry","category-hotellerie"],"_links":{"self":[{"href":"https:\/\/letempsmag.ma\/index.php?rest_route=\/wp\/v2\/posts\/28366","targetHints":{"allow":["GET"]}}],"collection":[{"href":"https:\/\/letempsmag.ma\/index.php?rest_route=\/wp\/v2\/posts"}],"about":[{"href":"https:\/\/letempsmag.ma\/index.php?rest_route=\/wp\/v2\/types\/post"}],"author":[{"embeddable":true,"href":"https:\/\/letempsmag.ma\/index.php?rest_route=\/wp\/v2\/users\/9"}],"replies":[{"embeddable":true,"href":"https:\/\/letempsmag.ma\/index.php?rest_route=%2Fwp%2Fv2%2Fcomments&post=28366"}],"version-history":[{"count":1,"href":"https:\/\/letempsmag.ma\/index.php?rest_route=\/wp\/v2\/posts\/28366\/revisions"}],"predecessor-version":[{"id":28368,"href":"https:\/\/letempsmag.ma\/index.php?rest_route=\/wp\/v2\/posts\/28366\/revisions\/28368"}],"wp:featuredmedia":[{"embeddable":true,"href":"https:\/\/letempsmag.ma\/index.php?rest_route=\/wp\/v2\/media\/28367"}],"wp:attachment":[{"href":"https:\/\/letempsmag.ma\/index.php?rest_route=%2Fwp%2Fv2%2Fmedia&parent=28366"}],"wp:term":[{"taxonomy":"category","embeddable":true,"href":"https:\/\/letempsmag.ma\/index.php?rest_route=%2Fwp%2Fv2%2Fcategories&post=28366"},{"taxonomy":"post_tag","embeddable":true,"href":"https:\/\/letempsmag.ma\/index.php?rest_route=%2Fwp%2Fv2%2Ftags&post=28366"}],"curies":[{"name":"wp","href":"https:\/\/api.w.org\/{rel}","templated":true}]}}