{"id":28350,"date":"2024-04-30T09:44:53","date_gmt":"2024-04-30T08:44:53","guid":{"rendered":"https:\/\/letempsmag.ma\/?p=28350"},"modified":"2024-04-30T09:44:54","modified_gmt":"2024-04-30T08:44:54","slug":"trois-questions-au-pr-seong-kyu-kang-president-de-la-commission-internationale-de-la-sante-au-travail","status":"publish","type":"post","link":"https:\/\/letempsmag.ma\/?p=28350","title":{"rendered":"Trois questions au Pr Seong-Kyu Kang, Pr\u00e9sident de la Commission Internationale de la Sant\u00e9 au Travail"},"content":{"rendered":"\n<p>Le 34<sup>\u00e8me<\/sup> Congr\u00e8s international sur la sant\u00e9 au travail (ICOH 2024) se d\u00e9roule actuellement \u00e0 Marrakech, r\u00e9unissant des professionnels de plus de 90 pays. Le congr\u00e8s a r\u00e9ussi \u00e0 rassembler des scientifiques de renomm\u00e9e pour prononcer des discours d&#8217;ouverture et des s\u00e9ances pl\u00e9ni\u00e8res, couvrant un large \u00e9ventail de disciplines dans le domaine de la sant\u00e9 et de la s\u00e9curit\u00e9 au travail. \u00c0 cette occasion, nous avons rencontr\u00e9 le Pr Seong-Kyu Kang, Pr\u00e9sident de la Commission Internationale de la Sant\u00e9 au Travail (ICOH). Il est m\u00e9decin du travail et \u00e9pid\u00e9miologiste. Il est par ailleurs enseignant et Directeur du D\u00e9partement de M\u00e9decine du Travail et de l&#8217;Environnement au Centre M\u00e9dical Gil, Universit\u00e9 Gachon \u00e0 Incheon, en R\u00e9publique de Cor\u00e9e du Sud. Il est \u00e9galement R\u00e9dacteur en Chef de la revue \u00abSafety and Health at Work\u00bb (SH@W). Il \u00e9tait le principal responsable du 31<sup>\u00e8me<\/sup> Congr\u00e8s de l&#8217;ICOH qui s&#8217;est tenu \u00e0 S\u00e9oul en 2015.<\/p>\n\n\n\n<p><strong><em>Quelle est la port\u00e9e de ce Congr\u00e8s International de la sant\u00e9 et de la s\u00e9curit\u00e9 au travail, qui se d\u00e9roule \u00e0 Marrakech&nbsp;?<\/em><\/strong><\/p>\n\n\n\n<p>L&#8217;ICOH est une organisation internationale non gouvernementale dont l&#8217;objectif principal est de promouvoir la recherche, le partage des connaissances et la collaboration entre les pays et les r\u00e9gions dans le domaine de la sant\u00e9 au travail. Elle a \u00e9t\u00e9 fond\u00e9e en 1906 pour c\u00e9l\u00e9brer les avanc\u00e9es dans la pr\u00e9vention des d\u00e9c\u00e8s professionnels lors de la construction du tunnel entre l&#8217;Italie et la Suisse. Depuis lors, l&#8217;ICOH organise un congr\u00e8s tous les trois ans, et pour la troisi\u00e8me fois, il se d\u00e9roule en Asie et en Afrique. Ces congr\u00e8s rassemblent une grande diversit\u00e9 de professionnels de la sant\u00e9 de la s\u00e9curit\u00e9 au travail, incluant des repr\u00e9sentants de l&#8217;Organisation Mondiale de la Sant\u00e9 (OMS) et de l&#8217;Organisation Internationale du Travail (OIT). L&#8217;objectif est de partager les meilleures pratiques, les recherches les plus r\u00e9centes et les exp\u00e9riences afin d&#8217;am\u00e9liorer la sant\u00e9 et la s\u00e9curit\u00e9 des travailleurs dans leur pays et leur r\u00e9gion respective.<\/p>\n\n\n\n<p><strong><em>Comment \u00e9valuez-vous l\u2019organisation de cette 34<\/em><\/strong><strong><em><sup>\u00e8me<\/sup><\/em><\/strong><strong><em> \u00e9dition \u00e0 Marrakech&nbsp;?<\/em><\/strong><\/p>\n\n\n\n<p>Ce congr\u00e8s de l&#8217;ICOH 2024 rev\u00eat une importance particuli\u00e8re pour le Maroc. Il offre une opportunit\u00e9 pr\u00e9cieuse d&#8217;am\u00e9liorer la s\u00e9curit\u00e9 des travailleurs dans le pays et de promouvoir une meilleure compr\u00e9hension des mesures \u00e0 prendre pour accro\u00eetre le bien-\u00eatre des travailleurs au sein des entreprises marocaines. Initialement, il y avait quelques pr\u00e9occupations concernant la capacit\u00e9 du Maroc \u00e0 organiser un \u00e9v\u00e9nement d&#8217;une telle envergure. Mais une fois le congr\u00e8s d\u00e9marr\u00e9, la gestion de l\u2019\u00e9v\u00e9nement a \u00e9t\u00e9 salu\u00e9e pour l\u2019efficacit\u00e9 et le professionnalisme qui ont \u00e9t\u00e9 d\u00e9ploy\u00e9s. Les participants ont exprim\u00e9 leur satisfaction quant au bon d\u00e9roulement de cet important congr\u00e8s.<\/p>\n\n\n\n<p><strong><em>Quelles sont les avanc\u00e9es les plus r\u00e9centes dans le domaine de la sant\u00e9 et de la s\u00e9curit\u00e9 au travail&nbsp;?<\/em><\/strong><\/p>\n\n\n\n<p>On observe actuellement une augmentation de l&#8217;adoption des technologies num\u00e9riques pour surveiller la sant\u00e9 des travailleurs et d\u00e9tecter les risques potentiels plus t\u00f4t. Il y a une prise de conscience croissante de l&#8217;impact de l&#8217;environnement de travail sur la sant\u00e9 mentale des employ\u00e9s. Les entreprises commencent \u00e0 mettre en \u0153uvre des programmes et des politiques visant \u00e0 r\u00e9duire le stress. En outre, il y a eu une attention accrue port\u00e9e \u00e0 la r\u00e9duction de l&#8217;exposition des travailleurs aux produits chimiques et substances dangereuses sur le lieu de travail. Des efforts sont d\u00e9ploy\u00e9s pour concevoir des postes de travail qui r\u00e9duisent la fatigue et les blessures li\u00e9es au travail. Ces avanc\u00e9es contribuent \u00e0 cr\u00e9er des environnements de travail plus s\u00fbrs, plus sains et plus productifs pour les employ\u00e9s.<\/p>\n\n\n\n<p><strong>Entretien r\u00e9alis\u00e9 par LAIDIA FAHIM<\/strong><\/p>\n","protected":false},"excerpt":{"rendered":"<p>Le 34\u00e8me Congr\u00e8s international sur la sant\u00e9 au travail (ICOH 2024) se d\u00e9roule actuellement \u00e0 Marrakech, r\u00e9unissant des professionnels de plus de 90 pays. Le congr\u00e8s a r\u00e9ussi \u00e0 rassembler des scientifiques de renomm\u00e9e pour prononcer des discours d&#8217;ouverture et des s\u00e9ances pl\u00e9ni\u00e8res, couvrant un large \u00e9ventail de disciplines dans le domaine de la sant\u00e9 &hellip;<\/p>\n","protected":false},"author":9,"featured_media":28351,"comment_status":"open","ping_status":"closed","sticky":false,"template":"","format":"standard","meta":{"footnotes":""},"categories":[1286],"tags":[],"class_list":["post-28350","post","type-post","status-publish","format-standard","has-post-thumbnail","hentry","category-congres"],"_links":{"self":[{"href":"https:\/\/letempsmag.ma\/index.php?rest_route=\/wp\/v2\/posts\/28350","targetHints":{"allow":["GET"]}}],"collection":[{"href":"https:\/\/letempsmag.ma\/index.php?rest_route=\/wp\/v2\/posts"}],"about":[{"href":"https:\/\/letempsmag.ma\/index.php?rest_route=\/wp\/v2\/types\/post"}],"author":[{"embeddable":true,"href":"https:\/\/letempsmag.ma\/index.php?rest_route=\/wp\/v2\/users\/9"}],"replies":[{"embeddable":true,"href":"https:\/\/letempsmag.ma\/index.php?rest_route=%2Fwp%2Fv2%2Fcomments&post=28350"}],"version-history":[{"count":1,"href":"https:\/\/letempsmag.ma\/index.php?rest_route=\/wp\/v2\/posts\/28350\/revisions"}],"predecessor-version":[{"id":28352,"href":"https:\/\/letempsmag.ma\/index.php?rest_route=\/wp\/v2\/posts\/28350\/revisions\/28352"}],"wp:featuredmedia":[{"embeddable":true,"href":"https:\/\/letempsmag.ma\/index.php?rest_route=\/wp\/v2\/media\/28351"}],"wp:attachment":[{"href":"https:\/\/letempsmag.ma\/index.php?rest_route=%2Fwp%2Fv2%2Fmedia&parent=28350"}],"wp:term":[{"taxonomy":"category","embeddable":true,"href":"https:\/\/letempsmag.ma\/index.php?rest_route=%2Fwp%2Fv2%2Fcategories&post=28350"},{"taxonomy":"post_tag","embeddable":true,"href":"https:\/\/letempsmag.ma\/index.php?rest_route=%2Fwp%2Fv2%2Ftags&post=28350"}],"curies":[{"name":"wp","href":"https:\/\/api.w.org\/{rel}","templated":true}]}}