{"id":28347,"date":"2024-04-30T09:43:47","date_gmt":"2024-04-30T08:43:47","guid":{"rendered":"https:\/\/letempsmag.ma\/?p=28347"},"modified":"2024-04-30T09:43:48","modified_gmt":"2024-04-30T08:43:48","slug":"luniversite-euromed-de-fes-lance-un-diplome-en-evaluation-des-technologies-de-sante","status":"publish","type":"post","link":"https:\/\/letempsmag.ma\/?p=28347","title":{"rendered":"L&#8217;Universit\u00e9 Euromed de F\u00e8s lance un dipl\u00f4me en \u00c9valuation des Technologies de Sant\u00e9"},"content":{"rendered":"\n<p>En partenariat avec le minist\u00e8re de la Sant\u00e9 et de la Protection sociale et la Soci\u00e9t\u00e9 Marocaine de l\u2019\u00c9conomie des Produits de Sant\u00e9 (SMEPS), l&#8217;Universit\u00e9 Euromed de F\u00e8s (UEMF) annonce le lancement du dipl\u00f4me d&#8217;Universit\u00e9 en \u00c9valuation des Technologies de Sant\u00e9 (ETS).<\/p>\n\n\n\n<p>Ce programme unique en son genre au Maroc et en Afrique s&#8217;inscrit dans le cadre du chantier Royal de la protection sociale et de la g\u00e9n\u00e9ralisation de la couverture sanitaire universelle, un des projets les plus ambitieux du royaume lanc\u00e9 sous l&#8217;impulsion de S.M. le Roi Mohammed VI. Le programme de formation (ETS), qui a commenc\u00e9 le 29 avril courant, est particuli\u00e8rement pertinent dans le contexte de la refonte du syst\u00e8me de sant\u00e9 et de la mise en place de nouveaux organes de gouvernance, notamment la future Haute Autorit\u00e9 de Sant\u00e9 et la g\u00e9n\u00e9ralisation de la couverture sanitaire.<\/p>\n\n\n\n<p>\u00abCette formation est une illustration de l\u2019engagement de l\u2019Universit\u00e9 Euromed de F\u00e8s \u00e0 int\u00e9grer l&#8217;innovation et l&#8217;excellence dans l&#8217;enseignement des sciences de la sant\u00e9. Elle contribuera \u00e0 r\u00e9pondre aux besoins actuels et futurs de notre syst\u00e8me de sant\u00e9, align\u00e9 sur les grandes r\u00e9formes en cours visant \u00e0 renforcer la souverainet\u00e9 sanitaire nationale et continentale\u00bb, souligne le Pr Chakib Nejjari (\u00e0 gauche sur la photo), Vice-Pr\u00e9sident en charge du P\u00f4le Sant\u00e9 de l&#8217;Universit\u00e9 Euromed de F\u00e8s.<\/p>\n\n\n\n<p>En partenariat avec le minist\u00e8re de la Sant\u00e9 et de la Protection sociale, le processus vise \u00e0 former les cadres du minist\u00e8re avec les comp\u00e9tences n\u00e9cessaires pour \u00e9valuer de mani\u00e8re rigoureuse et syst\u00e9matique les technologies de la sant\u00e9. \u00c0 travers une s\u00e9rie de sessions th\u00e9oriques et des ateliers pratiques, les participants seront form\u00e9s sur les meilleures pratiques et les derni\u00e8res m\u00e9thodologies en mati\u00e8re d&#8217;ETS. L&#8217;accent sera mis sur l&#8217;\u00e9valuation des innovations co\u00fbteuses et indispensables en sant\u00e9, essentielles pour r\u00e9pondre efficacement aux besoins du syst\u00e8me de sant\u00e9 marocain.<\/p>\n\n\n\n<p>Le Pr Sami Ahid (\u00e0 droite sur la photo), Doyen de la Facult\u00e9 de Pharmacie de F\u00e8s et initiateur du projet, pr\u00e9cise&nbsp;: \u00abCe programme est essentiel pour une \u00e9valuation efficace des technologies m\u00e9dicales. Il a \u00e9t\u00e9 \u00e9labor\u00e9 pour \u00eatre directement applicable dans le milieu professionnel de nos dipl\u00f4m\u00e9s, ainsi que dans le cadre des grandes r\u00e9formes du syst\u00e8me de sant\u00e9 visant la mise en place des nouveaux organes pr\u00e9vus par la loi, notamment la Haute Autorit\u00e9 de Sant\u00e9. Il contribuera \u00e9galement au d\u00e9veloppement d\u2019un syst\u00e8me de sant\u00e9 r\u00e9silient, apte \u00e0 r\u00e9pondre aux d\u00e9fis futurs\u00bb.<\/p>\n\n\n\n<p>La formation dans le cadre de ce dipl\u00f4me universitaire enrichira les participants de comp\u00e9tences analytiques avanc\u00e9es, leur permettant d&#8217;\u00e9valuer l&#8217;efficacit\u00e9, la s\u00e9curit\u00e9 et l\u2019efficience des programmes, services et produits de sant\u00e9. Cette formation contribuera \u00e0 une prise de d\u00e9cision, plus inform\u00e9e et fond\u00e9e sur des preuves, essentielle pour l&#8217;am\u00e9lioration des soins de sant\u00e9 au Maroc. Les participants apprendront \u00e9galement \u00e0 conduire des \u00e9valuations pharmaco-\u00e9conomiques et \u00e0 utiliser des mod\u00e8les statistiques pour \u00e9valuer les impacts des technologies sur la sant\u00e9 publique et les syst\u00e8mes de sant\u00e9.<\/p>\n","protected":false},"excerpt":{"rendered":"<p>En partenariat avec le minist\u00e8re de la Sant\u00e9 et de la Protection sociale et la Soci\u00e9t\u00e9 Marocaine de l\u2019\u00c9conomie des Produits de Sant\u00e9 (SMEPS), l&#8217;Universit\u00e9 Euromed de F\u00e8s (UEMF) annonce le lancement du dipl\u00f4me d&#8217;Universit\u00e9 en \u00c9valuation des Technologies de Sant\u00e9 (ETS). Ce programme unique en son genre au Maroc et en Afrique s&#8217;inscrit dans &hellip;<\/p>\n","protected":false},"author":9,"featured_media":28348,"comment_status":"open","ping_status":"closed","sticky":false,"template":"","format":"standard","meta":{"footnotes":""},"categories":[85],"tags":[],"class_list":["post-28347","post","type-post","status-publish","format-standard","has-post-thumbnail","hentry","category-enseignement"],"_links":{"self":[{"href":"https:\/\/letempsmag.ma\/index.php?rest_route=\/wp\/v2\/posts\/28347","targetHints":{"allow":["GET"]}}],"collection":[{"href":"https:\/\/letempsmag.ma\/index.php?rest_route=\/wp\/v2\/posts"}],"about":[{"href":"https:\/\/letempsmag.ma\/index.php?rest_route=\/wp\/v2\/types\/post"}],"author":[{"embeddable":true,"href":"https:\/\/letempsmag.ma\/index.php?rest_route=\/wp\/v2\/users\/9"}],"replies":[{"embeddable":true,"href":"https:\/\/letempsmag.ma\/index.php?rest_route=%2Fwp%2Fv2%2Fcomments&post=28347"}],"version-history":[{"count":1,"href":"https:\/\/letempsmag.ma\/index.php?rest_route=\/wp\/v2\/posts\/28347\/revisions"}],"predecessor-version":[{"id":28349,"href":"https:\/\/letempsmag.ma\/index.php?rest_route=\/wp\/v2\/posts\/28347\/revisions\/28349"}],"wp:featuredmedia":[{"embeddable":true,"href":"https:\/\/letempsmag.ma\/index.php?rest_route=\/wp\/v2\/media\/28348"}],"wp:attachment":[{"href":"https:\/\/letempsmag.ma\/index.php?rest_route=%2Fwp%2Fv2%2Fmedia&parent=28347"}],"wp:term":[{"taxonomy":"category","embeddable":true,"href":"https:\/\/letempsmag.ma\/index.php?rest_route=%2Fwp%2Fv2%2Fcategories&post=28347"},{"taxonomy":"post_tag","embeddable":true,"href":"https:\/\/letempsmag.ma\/index.php?rest_route=%2Fwp%2Fv2%2Ftags&post=28347"}],"curies":[{"name":"wp","href":"https:\/\/api.w.org\/{rel}","templated":true}]}}