{"id":28298,"date":"2024-04-26T19:03:09","date_gmt":"2024-04-26T18:03:09","guid":{"rendered":"https:\/\/letempsmag.ma\/?p=28298"},"modified":"2024-05-04T11:00:50","modified_gmt":"2024-05-04T10:00:50","slug":"tout-est-question-de-point-de-vue","status":"publish","type":"post","link":"https:\/\/letempsmag.ma\/?p=28298","title":{"rendered":"Tout est question de point de vue"},"content":{"rendered":"\n<p class=\"has-text-align-center\"><strong>Par HASSAN EL ARCH<\/strong><\/p>\n\n\n\n<p class=\"has-text-align-center\"><strong>Directeur de la R\u00e9daction<\/strong><\/p>\n\n\n\n<p class=\"has-text-align-center\"><strong><a href=\"mailto:direction@letempsmag.ma\" target=\"_blank\" rel=\"noreferrer noopener\">direction@letempsmag.ma<\/a><\/strong><\/p>\n\n\n\n<p>Grand Oral r\u00e9ussi, tout compte fait, pour Aziz Akhannouch devant les deux Chambres du Parlement. Repouss\u00e9e dans un premier temps, en raison de contraintes impr\u00e9vues, l\u2019\u00e9preuve a eu lieu mercredi dernier face aux D\u00e9put\u00e9s et Conseillers, deux blocs majoritairement acquis \u00e0 la ligne de travail de l\u2019actuel Ex\u00e9cutif. Le chef du gouvernement \u00e9tait presque en terrain conquis, pour ainsi dire, l\u2019opposition n\u2019\u00e9tant que l\u2019ombre d\u2019elle-m\u00eame depuis quelques ann\u00e9es face au bulldozer de la majorit\u00e9. Mais il faut conc\u00e9der \u00e0 celle-ci, via ses composantes RNI, PAM et Istiqlal, une \u00e9vidente efficacit\u00e9 op\u00e9rationnelle dans le traitement des affaires du pays.<\/p>\n\n\n\n<p>On peut gloser tant qu\u2019on voudra, le virage pris depuis que le Maroc a tourn\u00e9 la page PJDiste est \u00e0 tonalit\u00e9 sociale plus pr\u00e9gnante. Les faits sont t\u00eatus. Et Aziz Akhannouch ne se prive pas d\u2019en rappeler la r\u00e9alit\u00e9 chaque fois qu\u2019il s\u2019agit de d\u00e9fendre le bilan de sa majorit\u00e9. L\u2019occasion lui en a \u00e9t\u00e9 donn\u00e9e, le 24 avril courant, sous la coupole de l\u2019H\u00e9micycle. Cela s\u2019appelle (d\u2019ailleurs bien \u00e0 propos) bilan de mi-mandat. \u00abLes r\u00e9alisations du gouvernement \u00e0 mi-mandat d\u00e9passent toutes les pr\u00e9visions et attentes\u00bb, a entre autres d\u00e9clar\u00e9 le chef du gouvernement devant les deux Chambres r\u00e9unies. Il enfonce le clou en soulignant que \u00abLes r\u00e9alisations accomplies refl\u00e8tent la ferme d\u00e9termination de l&#8217;Ex\u00e9cutif \u00e0 honorer tous les engagements au lieu de chercher des pr\u00e9textes dans la succession des crises complexes qu\u2019a connues le pays\u00bb.<\/p>\n\n\n\n<p>Pour qui planche sur un projet universitaire, m\u00e9moire ou th\u00e8se de dipl\u00f4me sup\u00e9rieur, il y avait l\u00e0 mati\u00e8re \u00e0 carburer ! Car ce Grand Oral a fourni une opportunit\u00e9 documentaire qu\u2019il serait mesquin de ne pas admettre. D\u2019autant que les dossiers sociaux sont nombreux et leur complexit\u00e9 notoire. L\u2019exercice d\u2019en faire un roundup au plus pr\u00e8s des faits s\u2019adressait davantage \u00e0 l\u2019opinion publique qu\u2019aux adversaires politiques. Car, avant les \u00e9lites, c\u2019est bien le citoyen ordinaire qu\u2019il s\u2019agit d\u2019informer, de documenter, de convaincre, de rassurer et de servir. Beaucoup de repr\u00e9sentants de la Nation n\u2019honorent pas leur mandat parlementaire, de ce point de vue\u2026<\/p>\n\n\n\n<p>\u00abSous la conduite \u00e9clair\u00e9e de S.M. le Roi Mohammed VI, le gouvernement a su g\u00e9rer les crises successives en les consid\u00e9rant comme un ph\u00e9nom\u00e8ne structurel s&#8217;inscrivant dans la continuit\u00e9, \u00e0 l\u2019instar de la crise de s\u00e9cheresse durant trois ann\u00e9es successives\u00bb, a lanc\u00e9 Aziz Akhannouch \u00e0 l\u2019assembl\u00e9e des D\u00e9put\u00e9s et Conseillers et, \u00e0 travers eux, au peuple. Le long expos\u00e9 qui s\u2019en est suivi a mis en lumi\u00e8re la conjoncture r\u00e9elle du pays. \u00c0 l\u2019appui : donn\u00e9es chiffr\u00e9es sur les secteurs prioritaires, indicateurs structurels, agr\u00e9gats, bilans et projections sur les court et moyen termes. De bout en bout, une lecture \u00e0 travers la lorgnette sociale. Pour \u00able reste\u00bb, chacun trouvera le verre \u00e0 moiti\u00e9 rempli ou \u00e0 moiti\u00e9 vide ! Comme toujours, tout est question de point de vue\u2026<\/p>\n","protected":false},"excerpt":{"rendered":"<p>Par HASSAN EL ARCH Directeur de la R\u00e9daction direction@letempsmag.ma Grand Oral r\u00e9ussi, tout compte fait, pour Aziz Akhannouch devant les deux Chambres du Parlement. Repouss\u00e9e dans un premier temps, en raison de contraintes impr\u00e9vues, l\u2019\u00e9preuve a eu lieu mercredi dernier face aux D\u00e9put\u00e9s et Conseillers, deux blocs majoritairement acquis \u00e0 la ligne de travail de &hellip;<\/p>\n","protected":false},"author":9,"featured_media":1194,"comment_status":"open","ping_status":"closed","sticky":false,"template":"","format":"standard","meta":{"footnotes":""},"categories":[44,1],"tags":[],"class_list":["post-28298","post","type-post","status-publish","format-standard","has-post-thumbnail","hentry","category-edito","category-uncategorized"],"_links":{"self":[{"href":"https:\/\/letempsmag.ma\/index.php?rest_route=\/wp\/v2\/posts\/28298","targetHints":{"allow":["GET"]}}],"collection":[{"href":"https:\/\/letempsmag.ma\/index.php?rest_route=\/wp\/v2\/posts"}],"about":[{"href":"https:\/\/letempsmag.ma\/index.php?rest_route=\/wp\/v2\/types\/post"}],"author":[{"embeddable":true,"href":"https:\/\/letempsmag.ma\/index.php?rest_route=\/wp\/v2\/users\/9"}],"replies":[{"embeddable":true,"href":"https:\/\/letempsmag.ma\/index.php?rest_route=%2Fwp%2Fv2%2Fcomments&post=28298"}],"version-history":[{"count":1,"href":"https:\/\/letempsmag.ma\/index.php?rest_route=\/wp\/v2\/posts\/28298\/revisions"}],"predecessor-version":[{"id":28305,"href":"https:\/\/letempsmag.ma\/index.php?rest_route=\/wp\/v2\/posts\/28298\/revisions\/28305"}],"wp:featuredmedia":[{"embeddable":true,"href":"https:\/\/letempsmag.ma\/index.php?rest_route=\/wp\/v2\/media\/1194"}],"wp:attachment":[{"href":"https:\/\/letempsmag.ma\/index.php?rest_route=%2Fwp%2Fv2%2Fmedia&parent=28298"}],"wp:term":[{"taxonomy":"category","embeddable":true,"href":"https:\/\/letempsmag.ma\/index.php?rest_route=%2Fwp%2Fv2%2Fcategories&post=28298"},{"taxonomy":"post_tag","embeddable":true,"href":"https:\/\/letempsmag.ma\/index.php?rest_route=%2Fwp%2Fv2%2Ftags&post=28298"}],"curies":[{"name":"wp","href":"https:\/\/api.w.org\/{rel}","templated":true}]}}