{"id":28225,"date":"2024-04-23T12:22:10","date_gmt":"2024-04-23T11:22:10","guid":{"rendered":"https:\/\/letempsmag.ma\/?p=28225"},"modified":"2024-04-23T12:22:10","modified_gmt":"2024-04-23T11:22:10","slug":"ce-que-revele-lenquete-du-hcp-aupres-des-menages","status":"publish","type":"post","link":"https:\/\/letempsmag.ma\/?p=28225","title":{"rendered":"Ce que r\u00e9v\u00e8le l\u2019enqu\u00eate du HCP aupr\u00e8s des m\u00e9nages"},"content":{"rendered":"\n<p>Le Haut commissariat au Plan (HCP) a publi\u00e9 r\u00e9cemment un rapport de conjoncture proposant une analyse approfondie des r\u00e9sultats de l&#8217;enqu\u00eate aupr\u00e8s des m\u00e9nages pour le premier trimestre 2024. Cette \u00e9tude met en lumi\u00e8re plusieurs tendances et pr\u00e9occupations importantes qui affectent les m\u00e9nages marocains.<\/p>\n\n\n\n<p>La perception du niveau de vie est un \u00e9l\u00e9ment central de l&#8217;enqu\u00eate. Les donn\u00e9es montrent une d\u00e9t\u00e9rioration continue de cette perception, avec une \u00e9crasante majorit\u00e9 de m\u00e9nages (82,5%) signalant une d\u00e9gradation au cours des 12 derniers mois. Cette tendance \u00e0 la baisse est \u00e9galement projet\u00e9e sur l&#8217;avenir, avec 56,9% des m\u00e9nages anticipant une nouvelle d\u00e9t\u00e9rioration. Les raisons derri\u00e8re cette perception n\u00e9gative peuvent \u00eatre vari\u00e9es, allant de l&#8217;augmentation des prix \u00e0 la stagnation des revenus, en passant par d&#8217;autres facteurs \u00e9conomiques et sociaux.<\/p>\n\n\n\n<p>En ce qui concerne l&#8217;emploi, bien que la majorit\u00e9 des m\u00e9nages anticipent une augmentation du ch\u00f4mage au cours des 12 prochains mois (83,6%), il y a une l\u00e9g\u00e8re am\u00e9lioration par rapport aux trimestres pr\u00e9c\u00e9dents. Cependant, cette situation incertaine peut encore contribuer \u00e0 l&#8217;angoisse et \u00e0 l&#8217;ins\u00e9curit\u00e9 financi\u00e8re des m\u00e9nages, avec des cons\u00e9quences potentielles sur leur niveau de vie et leur bien-\u00eatre g\u00e9n\u00e9ral.<\/p>\n\n\n\n<p>Les habitudes de consommation des m\u00e9nages sont \u00e9galement examin\u00e9es dans le rapport. La r\u00e9ticence des m\u00e9nages \u00e0 effectuer des achats de biens durables est \u00e9vidente, avec 80,7% des m\u00e9nages consid\u00e9rant que le moment n&#8217;est pas opportun pour de tels achats. Cette attitude prudente peut \u00eatre attribu\u00e9e \u00e0 divers facteurs, tels que l&#8217;incertitude \u00e9conomique, les pressions financi\u00e8res ou les pr\u00e9occupations concernant l&#8217;avenir.<\/p>\n\n\n\n<p>En ce qui concerne la situation financi\u00e8re des m\u00e9nages, les donn\u00e9es r\u00e9v\u00e8lent une image mitig\u00e9e. Bien que certains m\u00e9nages signalent une am\u00e9lioration, un pourcentage significatif est confront\u00e9 \u00e0 des difficult\u00e9s financi\u00e8res, comme le montre le nombre \u00e9lev\u00e9 de m\u00e9nages s&#8217;endettant ou puisant dans leur \u00e9pargne pour couvrir leurs d\u00e9penses. Ces disparit\u00e9s dans les perspectives financi\u00e8res peuvent refl\u00e9ter les in\u00e9galit\u00e9s socio-\u00e9conomiques plus larges au sein de la soci\u00e9t\u00e9.<\/p>\n\n\n\n<p>Les perspectives d&#8217;\u00e9pargne future sont \u00e9galement importantes. Les donn\u00e9es montrent une attitude prudente parmi les m\u00e9nages, avec seulement 9,3% pr\u00e9voyant d&#8217;\u00e9pargner au cours des 12 prochains mois. Cette r\u00e9ticence peut \u00eatre attribu\u00e9e \u00e0 l&#8217;incertitude \u00e9conomique per\u00e7ue et aux pr\u00e9occupations quant \u00e0 la stabilit\u00e9 financi\u00e8re \u00e0 long terme.<\/p>\n\n\n\n<p>Enfin, les prix des produits alimentaires sont une source d&#8217;inqui\u00e9tude majeure. Une grande majorit\u00e9 des m\u00e9nages (96,9%) ont constat\u00e9 une augmentation des prix au cours de l&#8217;ann\u00e9e \u00e9coul\u00e9e, et la majorit\u00e9 (76,3%) s&#8217;attend \u00e0 une poursuite de cette tendance \u00e0 la hausse pour les 12 prochains mois. Cette pression inflationniste peut avoir un impact significatif sur le budget des m\u00e9nages et leur capacit\u00e9 \u00e0 maintenir un niveau de vie d\u00e9cent.<\/p>\n\n\n\n<p><strong>LAIDIA FAHIM<\/strong><\/p>\n","protected":false},"excerpt":{"rendered":"<p>Le Haut commissariat au Plan (HCP) a publi\u00e9 r\u00e9cemment un rapport de conjoncture proposant une analyse approfondie des r\u00e9sultats de l&#8217;enqu\u00eate aupr\u00e8s des m\u00e9nages pour le premier trimestre 2024. Cette \u00e9tude met en lumi\u00e8re plusieurs tendances et pr\u00e9occupations importantes qui affectent les m\u00e9nages marocains. La perception du niveau de vie est un \u00e9l\u00e9ment central de &hellip;<\/p>\n","protected":false},"author":9,"featured_media":28226,"comment_status":"open","ping_status":"closed","sticky":false,"template":"","format":"standard","meta":{"footnotes":""},"categories":[110],"tags":[],"class_list":["post-28225","post","type-post","status-publish","format-standard","has-post-thumbnail","hentry","category-conjoncture"],"_links":{"self":[{"href":"https:\/\/letempsmag.ma\/index.php?rest_route=\/wp\/v2\/posts\/28225","targetHints":{"allow":["GET"]}}],"collection":[{"href":"https:\/\/letempsmag.ma\/index.php?rest_route=\/wp\/v2\/posts"}],"about":[{"href":"https:\/\/letempsmag.ma\/index.php?rest_route=\/wp\/v2\/types\/post"}],"author":[{"embeddable":true,"href":"https:\/\/letempsmag.ma\/index.php?rest_route=\/wp\/v2\/users\/9"}],"replies":[{"embeddable":true,"href":"https:\/\/letempsmag.ma\/index.php?rest_route=%2Fwp%2Fv2%2Fcomments&post=28225"}],"version-history":[{"count":1,"href":"https:\/\/letempsmag.ma\/index.php?rest_route=\/wp\/v2\/posts\/28225\/revisions"}],"predecessor-version":[{"id":28227,"href":"https:\/\/letempsmag.ma\/index.php?rest_route=\/wp\/v2\/posts\/28225\/revisions\/28227"}],"wp:featuredmedia":[{"embeddable":true,"href":"https:\/\/letempsmag.ma\/index.php?rest_route=\/wp\/v2\/media\/28226"}],"wp:attachment":[{"href":"https:\/\/letempsmag.ma\/index.php?rest_route=%2Fwp%2Fv2%2Fmedia&parent=28225"}],"wp:term":[{"taxonomy":"category","embeddable":true,"href":"https:\/\/letempsmag.ma\/index.php?rest_route=%2Fwp%2Fv2%2Fcategories&post=28225"},{"taxonomy":"post_tag","embeddable":true,"href":"https:\/\/letempsmag.ma\/index.php?rest_route=%2Fwp%2Fv2%2Ftags&post=28225"}],"curies":[{"name":"wp","href":"https:\/\/api.w.org\/{rel}","templated":true}]}}