{"id":28169,"date":"2024-04-18T12:50:37","date_gmt":"2024-04-18T11:50:37","guid":{"rendered":"https:\/\/letempsmag.ma\/?p=28169"},"modified":"2024-04-18T12:50:38","modified_gmt":"2024-04-18T11:50:38","slug":"le-ministre-de-lagriculture-recoit-le-patron-de-la-fao","status":"publish","type":"post","link":"https:\/\/letempsmag.ma\/?p=28169","title":{"rendered":"Le Ministre de l\u2019Agriculture re\u00e7oit le patron de la FAO"},"content":{"rendered":"\n<p>Dans la perspective de la 33<sup>\u00e8me<\/sup> session de la Conf\u00e9rence r\u00e9gionale de l\u2019Organisation pour l\u2019Alimentation et l\u2019Agriculture (FAO) pour l&#8217;Afrique (ARC33), pr\u00e9vue du 18 au 20 avril \u00e0 Rabat, le Ministre de l\u2019Agriculture, de la P\u00eache maritime, du D\u00e9veloppement rural et des Eaux et For\u00eats, Mohamed Sadiki, a rencontr\u00e9 hier mercredi le Directeur G\u00e9n\u00e9ral de la FAO, Qu Dongyu, en visite au Maroc.<\/p>\n\n\n\n<p>Les discussions ont port\u00e9 sur les avanc\u00e9es du Maroc en mati\u00e8re de production durable, notamment dans les secteurs agricole, forestier et de la p\u00eache, \u00e0 travers la mise en \u0153uvre des strat\u00e9gies nationales telles que \u00abG\u00e9n\u00e9ration Green\u00bb, \u00abHalieutis\u00bb et \u00abFor\u00eats du Maroc\u00bb. Ils ont soulign\u00e9 l&#8217;importance de la coop\u00e9ration entre le Maroc et la FAO pour renforcer les syst\u00e8mes agroalimentaires \u00e0 l&#8217;\u00e9chelle nationale et africaine, tout en r\u00e9affirmant leur engagement envers les Objectifs de D\u00e9veloppement Durable \u00e9dict\u00e9s par les Nations-Unies.<\/p>\n\n\n\n<p>Dans une d\u00e9claration \u00e0 la presse, Mohamed Sadiki a soulign\u00e9 l&#8217;importance du partenariat entre le Maroc et la FAO, ainsi que des strat\u00e9gies sectorielles nationales mises en place. Les discussions ont \u00e9galement abord\u00e9 les d\u00e9fis futurs li\u00e9s au changement climatique dans la transformation des syst\u00e8mes agroalimentaires.<\/p>\n\n\n\n<p>Le patron de la FAO a, pour sa part, salu\u00e9 les relations exemplaires entre le Maroc et l&#8217;organisation, louant l&#8217;hospitalit\u00e9 du pays et son r\u00f4le actif dans la coop\u00e9ration r\u00e9gionale, notamment en mati\u00e8re de coop\u00e9ration Sud-Sud.<\/p>\n\n\n\n<p>Accompagn\u00e9 par Mohamed Sadiki, Qu Dongyu a visit\u00e9 de grandes institutions telles que le Centre National de Surveillance des Navires de P\u00eache (CNSNP) et l&#8217;Institut National de la Recherche Agronomique (INRA), illustrant l&#8217;engagement du Maroc envers la pr\u00e9servation de ses ressources halieutiques et agricoles.<\/p>\n\n\n\n<p>La visite a \u00e9galement inclus des arr\u00eats au Laboratoire de qualit\u00e9 des c\u00e9r\u00e9ales, \u00e0 la Banque de g\u00e8nes de l&#8217;ICARDA (International Center for Agricultural Research in the Dry Areas) et au Centre hospitalier v\u00e9t\u00e9rinaire universitaire de l\u2019Institut Agronomique et V\u00e9t\u00e9rinaire Hassan II (IAV), d\u00e9montrant l&#8217;excellence de la recherche agricole et v\u00e9t\u00e9rinaire au Maroc.<\/p>\n\n\n\n<p>Rappelons que cette r\u00e9union a eu lieu juste avant le d\u00e9but de l&#8217;ARC33 o\u00f9 les 54 D\u00e9l\u00e9gations africaines se r\u00e9uniront pour discuter des priorit\u00e9s avec la FAO pour les deux prochaines ann\u00e9es, sous la pr\u00e9sidence du Maroc.<\/p>\n\n\n\n<p>L. F.<\/p>\n","protected":false},"excerpt":{"rendered":"<p>Dans la perspective de la 33\u00e8me session de la Conf\u00e9rence r\u00e9gionale de l\u2019Organisation pour l\u2019Alimentation et l\u2019Agriculture (FAO) pour l&#8217;Afrique (ARC33), pr\u00e9vue du 18 au 20 avril \u00e0 Rabat, le Ministre de l\u2019Agriculture, de la P\u00eache maritime, du D\u00e9veloppement rural et des Eaux et For\u00eats, Mohamed Sadiki, a rencontr\u00e9 hier mercredi le Directeur G\u00e9n\u00e9ral de &hellip;<\/p>\n","protected":false},"author":9,"featured_media":28170,"comment_status":"open","ping_status":"closed","sticky":false,"template":"","format":"standard","meta":{"footnotes":""},"categories":[203],"tags":[],"class_list":["post-28169","post","type-post","status-publish","format-standard","has-post-thumbnail","hentry","category-cooperation"],"_links":{"self":[{"href":"https:\/\/letempsmag.ma\/index.php?rest_route=\/wp\/v2\/posts\/28169","targetHints":{"allow":["GET"]}}],"collection":[{"href":"https:\/\/letempsmag.ma\/index.php?rest_route=\/wp\/v2\/posts"}],"about":[{"href":"https:\/\/letempsmag.ma\/index.php?rest_route=\/wp\/v2\/types\/post"}],"author":[{"embeddable":true,"href":"https:\/\/letempsmag.ma\/index.php?rest_route=\/wp\/v2\/users\/9"}],"replies":[{"embeddable":true,"href":"https:\/\/letempsmag.ma\/index.php?rest_route=%2Fwp%2Fv2%2Fcomments&post=28169"}],"version-history":[{"count":1,"href":"https:\/\/letempsmag.ma\/index.php?rest_route=\/wp\/v2\/posts\/28169\/revisions"}],"predecessor-version":[{"id":28171,"href":"https:\/\/letempsmag.ma\/index.php?rest_route=\/wp\/v2\/posts\/28169\/revisions\/28171"}],"wp:featuredmedia":[{"embeddable":true,"href":"https:\/\/letempsmag.ma\/index.php?rest_route=\/wp\/v2\/media\/28170"}],"wp:attachment":[{"href":"https:\/\/letempsmag.ma\/index.php?rest_route=%2Fwp%2Fv2%2Fmedia&parent=28169"}],"wp:term":[{"taxonomy":"category","embeddable":true,"href":"https:\/\/letempsmag.ma\/index.php?rest_route=%2Fwp%2Fv2%2Fcategories&post=28169"},{"taxonomy":"post_tag","embeddable":true,"href":"https:\/\/letempsmag.ma\/index.php?rest_route=%2Fwp%2Fv2%2Ftags&post=28169"}],"curies":[{"name":"wp","href":"https:\/\/api.w.org\/{rel}","templated":true}]}}